{"id":1028,"date":"2016-07-04T16:37:47","date_gmt":"2016-07-04T14:37:47","guid":{"rendered":"http:\/\/blog.veggie-freivon.de\/?p=1028"},"modified":"2016-07-18T09:34:35","modified_gmt":"2016-07-18T07:34:35","slug":"freiknuspern-auf-der-veggie-frei-von","status":"publish","type":"post","link":"https:\/\/blog.veggie-freivon.de\/index.php\/2016\/07\/04\/freiknuspern-auf-der-veggie-frei-von\/","title":{"rendered":"freiknuspern auf der veggie &#038; frei von"},"content":{"rendered":"<p>Vier Bewerber,\u00a0unz\u00e4hlige\u00a0Votes und eine gl\u00fcckliche Gewinnerin: Wir freuen uns, <strong>Fabienne<\/strong> von <a href=\"http:\/\/freiknuspern.de\/\">freiknuspern<\/a> auf der Seitz Glutenfrei B\u00fchne bei der veggie &amp; frei von 2016 begr\u00fc\u00dfen zu d\u00fcrfen. Dort wird sie am <strong>19. November um 10.30 Uhr<\/strong> ihr selbstgemachtes Nutella und eine leckere Nutella-Pizza zubereiten &#8211; nat\u00fcrlich vegan und glutenfrei. Wir sind schon jetzt gespannt und freuen uns auf Fabienne.<\/p>\n<p>Auch an die anderen Teilnehmer des <a href=\"http:\/\/blog.veggie-freivon.de\/index.php\/2016\/06\/16\/vorhang-auf-unsere-kochshow-kandidaten-fuer-die-veggie-frei-von\/\">Votings<\/a> &#8211; Mathias, Kerstin und Adaeze &#8211; ein riesengro\u00dfes Dankesch\u00f6n. Ihr seid nat\u00fcrlich ebenso herzlich willkommen auf der veggie &amp; frei von. Wir hoffen, dass wir mal an anderer Stelle in den Genuss eurer leckeren Rezepte kommen.<\/p>\n<p>Ein gro\u00dfer Dank an die Leser und Fans, die flei\u00dfig f\u00fcr unsere vier Kandidaten abgestimmt haben. Und wer die Zeit bis zur Messe nun fast nicht mehr aushalten kann, f\u00fcr den gibt es hier auf dem Blog nat\u00fcrlich noch viele weitere Ideen, Rezepte und Informationen rund um die Themen\u00a0veganes und allergenfreies Leben.<\/p>\n","protected":false},"excerpt":{"rendered":"<p>Vier Bewerber,\u00a0unz\u00e4hlige\u00a0Votes und eine gl\u00fcckliche Gewinnerin: Wir freuen uns, Fabienne von freiknuspern auf der Seitz Glutenfrei B\u00fchne bei der veggie &amp; frei von 2016 begr\u00fc\u00dfen zu d\u00fcrfen. Dort wird sie am 19. November um 10.30 Uhr ihr selbstgemachtes Nutella und&#8230; <a class=\"more-link\" href=\"https:\/\/blog.veggie-freivon.de\/index.php\/2016\/07\/04\/freiknuspern-auf-der-veggie-frei-von\/\">Weiterlesen &rarr;<\/a><\/p>\n","protected":false},"author":14,"featured_media":1031,"comment_status":"open","ping_status":"open","sticky":false,"template":"","format":"standard","meta":{"ngg_post_thumbnail":0,"jetpack_post_was_ever_published":false,"_jetpack_newsletter_access":"","_jetpack_dont_email_post_to_subs":false,"_jetpack_newsletter_tier_id":0,"_jetpack_memberships_contains_paywalled_content":false,"_jetpack_memberships_contains_paid_content":false,"footnotes":""},"categories":[1],"tags":[150,41,149,9,141],"class_list":["post-1028","post","type-post","status-publish","format-standard","has-post-thumbnail","hentry","category-allgemein","tag-freivon","tag-kochshow","tag-seitz-glutenfrei","tag-veggie","tag-voting"],"jetpack_featured_media_url":"https:\/\/blog.veggie-freivon.de\/wp-content\/uploads\/2016\/07\/Flyer_veggie2.png","jetpack_sharing_enabled":true,"_links":{"self":[{"href":"https:\/\/blog.veggie-freivon.de\/index.php\/wp-json\/wp\/v2\/posts\/1028","targetHints":{"allow":["GET"]}}],"collection":[{"href":"https:\/\/blog.veggie-freivon.de\/index.php\/wp-json\/wp\/v2\/posts"}],"about":[{"href":"https:\/\/blog.veggie-freivon.de\/index.php\/wp-json\/wp\/v2\/types\/post"}],"author":[{"embeddable":true,"href":"https:\/\/blog.veggie-freivon.de\/index.php\/wp-json\/wp\/v2\/users\/14"}],"replies":[{"embeddable":true,"href":"https:\/\/blog.veggie-freivon.de\/index.php\/wp-json\/wp\/v2\/comments?post=1028"}],"version-history":[{"count":4,"href":"https:\/\/blog.veggie-freivon.de\/index.php\/wp-json\/wp\/v2\/posts\/1028\/revisions"}],"predecessor-version":[{"id":1034,"href":"https:\/\/blog.veggie-freivon.de\/index.php\/wp-json\/wp\/v2\/posts\/1028\/revisions\/1034"}],"wp:featuredmedia":[{"embeddable":true,"href":"https:\/\/blog.veggie-freivon.de\/index.php\/wp-json\/wp\/v2\/media\/1031"}],"wp:attachment":[{"href":"https:\/\/blog.veggie-freivon.de\/index.php\/wp-json\/wp\/v2\/media?parent=1028"}],"wp:term":[{"taxonomy":"category","embeddable":true,"href":"https:\/\/blog.veggie-freivon.de\/index.php\/wp-json\/wp\/v2\/categories?post=1028"},{"taxonomy":"post_tag","embeddable":true,"href":"https:\/\/blog.veggie-freivon.de\/index.php\/wp-json\/wp\/v2\/tags?post=1028"}],"curies":[{"name":"wp","href":"https:\/\/api.w.org\/{rel}","templated":true}]}}