{"id":1160,"date":"2016-10-03T10:08:37","date_gmt":"2016-10-03T08:08:37","guid":{"rendered":"http:\/\/blog.veggie-freivon.de\/?p=1160"},"modified":"2016-09-30T18:42:35","modified_gmt":"2016-09-30T16:42:35","slug":"herbstzeit-ist-veggie-frei-von-zeit-die-highlights-2016","status":"publish","type":"post","link":"https:\/\/blog.veggie-freivon.de\/index.php\/2016\/10\/03\/herbstzeit-ist-veggie-frei-von-zeit-die-highlights-2016\/","title":{"rendered":"Herbstzeit ist &#8222;veggie &#038; frei von&#8220;-Zeit: Die Highlights 2016"},"content":{"rendered":"<p style=\"text-align: justify;\">Langsam f\u00e4rben sich die Bl\u00e4tter, die Luft wird k\u00fchler und die Arbeit bei der Messe hektischer. Das kann nur eines bedeuten: Der November r\u00fcckt immer n\u00e4her und damit auch die Herbstmessen auf der Messe Stuttgart.<\/p>\n<p style=\"text-align: justify;\">Die zweite Auflage der <a href=\"http:\/\/www.messe-stuttgart.de\/veggie\/\"><strong>veggie &amp; frei von<\/strong><\/a> wartet diesen November mit zahlreichen Highlights. Eine ganze Messehalle steht dieses Jahr f\u00fcr vegetarische, vegane sowie allergenfreie Produkte zur Verf\u00fcgung. Damit unterstreicht die veggie &amp; frei von die zunehmende Bedeutung einer gesunden Lebensweise. Als ideeller Tr\u00e4ger unterst\u00fctzt der Vegetarierbund Deutschland (VEBU) den <a href=\"http:\/\/www.messe-stuttgart.de\/veggie\/fuer-besucher\/vegan-vegetarisch\/\">&#8222;veggie&#8220;-Bereich<\/a>. Die Deutsche Z\u00f6liakie Gesellschaft (DZG) ist Partner f\u00fcr den <a href=\"http:\/\/www.messe-stuttgart.de\/veggie\/fuer-besucher\/frei-von\/\">&#8222;frei von&#8220;-Bereich<\/a>. Hier auf dem Blog haben wir bereits einige Highlights des diesj\u00e4hrigen <strong>Rahmenprogramms<\/strong> vorgestellt, z.B. das <a href=\"http:\/\/blog.veggie-freivon.de\/index.php\/2016\/09\/12\/gruenes-power-paerchen-ein-interview-mit-katharina-und-gerold-wirnitzer\/\">gr\u00fcne Power-P\u00e4rchen Katharina und Gerold Wirnitzer<\/a> oder die Vegan-K\u00fcnstlerin Stina Spiegelberg. Weitere Vortr\u00e4ge und Vorf\u00fchrungen von Stark\u00f6chen, Ern\u00e4hrungsberatern und anderen\u00a0Experten aus den Bereichen Ern\u00e4hrung, Gesundheit und Gastronomie informieren auf der Messe \u00fcber die gesunde Lebensweise und machen Lust darauf, selber mal den Kochl\u00f6ffel zu schwingen. Auf der <a href=\"http:\/\/www.messe-stuttgart.de\/veggie\/fuer-besucher\/forum-seitz-buehne\/\">Seitz glutenfrei B\u00fchne<\/a> wird wieder eifrig gekocht &#8211; die K\u00f6stlichkeiten d\u00fcrfen nat\u00fcrlich auch probiert werden. Und wer bei der B\u00fchne leer ausgeht, kann im <strong>Food Court<\/strong> die veganen und allergenfreien Gerichte\u00a0verk\u00f6stigen.<\/p>\n<p style=\"text-align: justify;\">Vegan kann man aber nicht nur essen, sondern auch trinken: Zum ersten Mal gibt es deshalb in diesem Jahr die <strong>vegane Vinothek<\/strong>. Winzer aus verschiedenen Anbaugebieten pr\u00e4sentieren ihre veganen Weine und erkl\u00e4ren in Fachvortr\u00e4gen den Unterschied zu herk\u00f6mmlichen Weinen. Ein weiterer Schwerpunkt der diesj\u00e4hrigen Messe ist das Thema <strong>Naturkosmetik<\/strong>. Namhafte Aussteller wie Speick Naturkosmetik pr\u00e4sentieren ihre Produkte und informieren \u00fcber vegane Pflegeprodukte.<\/p>\n<p style=\"text-align: justify;\">Neu in diesem Jahr ist das <strong>B2B-Fachforum<\/strong>. Damit richtet sich die Messe gezielt an Fachbesucher und bietet ein umfangreiches Programm f\u00fcr Allergologen, \u00d6kotrophologen, Ern\u00e4hrungsberater, Heilpraktiker und Gastronomen. Austausch, Orientierung und Diskussion stehen dabei im Fokus.<\/p>\n<p style=\"text-align: justify;\">Hier auf dem Blog werden wir euch die G\u00e4ste genauer vorstellen, euch auf einzelne Programmpunkte aufmerksam machen und euch nat\u00fcrlich weiterhin eifrig mit Rezepten versorgen. Auf was freut ihr euch besonders bei der veggie &amp; frei von?<\/p>\n<p style=\"text-align: justify;\">Bis bald auf der Messe Stuttgart!<\/p>\n","protected":false},"excerpt":{"rendered":"<p>Langsam f\u00e4rben sich die Bl\u00e4tter, die Luft wird k\u00fchler und die Arbeit bei der Messe hektischer. Das kann nur eines bedeuten: Der November r\u00fcckt immer n\u00e4her und damit auch die Herbstmessen auf der Messe Stuttgart. Die zweite Auflage der veggie&#8230; <a class=\"more-link\" href=\"https:\/\/blog.veggie-freivon.de\/index.php\/2016\/10\/03\/herbstzeit-ist-veggie-frei-von-zeit-die-highlights-2016\/\">Weiterlesen &rarr;<\/a><\/p>\n","protected":false},"author":14,"featured_media":1161,"comment_status":"open","ping_status":"open","sticky":false,"template":"","format":"standard","meta":{"ngg_post_thumbnail":0,"jetpack_post_was_ever_published":false,"_jetpack_newsletter_access":"","_jetpack_dont_email_post_to_subs":false,"_jetpack_newsletter_tier_id":0,"_jetpack_memberships_contains_paywalled_content":false,"_jetpack_memberships_contains_paid_content":false,"footnotes":""},"categories":[1],"tags":[25,17,49,41,26,40,28,16,35,38],"class_list":["post-1160","post","type-post","status-publish","format-standard","has-post-thumbnail","hentry","category-allgemein","tag-frei-von","tag-glutenfrei","tag-herbst","tag-kochshow","tag-messe","tag-rahmenprogramm","tag-seitz-glutenfrei-buehne","tag-vegan","tag-vegetarisch","tag-veggie-frei-von"],"jetpack_featured_media_url":"https:\/\/blog.veggie-freivon.de\/wp-content\/uploads\/2016\/09\/veggie.jpg","jetpack_sharing_enabled":true,"_links":{"self":[{"href":"https:\/\/blog.veggie-freivon.de\/index.php\/wp-json\/wp\/v2\/posts\/1160","targetHints":{"allow":["GET"]}}],"collection":[{"href":"https:\/\/blog.veggie-freivon.de\/index.php\/wp-json\/wp\/v2\/posts"}],"about":[{"href":"https:\/\/blog.veggie-freivon.de\/index.php\/wp-json\/wp\/v2\/types\/post"}],"author":[{"embeddable":true,"href":"https:\/\/blog.veggie-freivon.de\/index.php\/wp-json\/wp\/v2\/users\/14"}],"replies":[{"embeddable":true,"href":"https:\/\/blog.veggie-freivon.de\/index.php\/wp-json\/wp\/v2\/comments?post=1160"}],"version-history":[{"count":7,"href":"https:\/\/blog.veggie-freivon.de\/index.php\/wp-json\/wp\/v2\/posts\/1160\/revisions"}],"predecessor-version":[{"id":1169,"href":"https:\/\/blog.veggie-freivon.de\/index.php\/wp-json\/wp\/v2\/posts\/1160\/revisions\/1169"}],"wp:featuredmedia":[{"embeddable":true,"href":"https:\/\/blog.veggie-freivon.de\/index.php\/wp-json\/wp\/v2\/media\/1161"}],"wp:attachment":[{"href":"https:\/\/blog.veggie-freivon.de\/index.php\/wp-json\/wp\/v2\/media?parent=1160"}],"wp:term":[{"taxonomy":"category","embeddable":true,"href":"https:\/\/blog.veggie-freivon.de\/index.php\/wp-json\/wp\/v2\/categories?post=1160"},{"taxonomy":"post_tag","embeddable":true,"href":"https:\/\/blog.veggie-freivon.de\/index.php\/wp-json\/wp\/v2\/tags?post=1160"}],"curies":[{"name":"wp","href":"https:\/\/api.w.org\/{rel}","templated":true}]}}