{"id":1387,"date":"2016-11-17T14:45:47","date_gmt":"2016-11-17T13:45:47","guid":{"rendered":"http:\/\/blog.veggie-freivon.de\/?p=1387"},"modified":"2016-11-17T14:45:47","modified_gmt":"2016-11-17T13:45:47","slug":"da-tut-sich-was","status":"publish","type":"post","link":"https:\/\/blog.veggie-freivon.de\/index.php\/2016\/11\/17\/da-tut-sich-was\/","title":{"rendered":"Da tut sich was&#8230;"},"content":{"rendered":"<p>Da tut sich was in unserer Halle 9. Wo vor einigen Tagen noch die neuesten Automodelle bei der Premiere der <a href=\"http:\/\/www.messe-stuttgart.de\/landingpages\/autotage\/\">Autotage<\/a>\u00a0bestaunt werden konnten, wird nun eifrig geschleppt, gebohrt und aufgebaut. Morgen startet die <a href=\"http:\/\/www.messe-stuttgart.de\/veggie\/?utm_source=veggie_blog&amp;utm_medium=blogpost&amp;utm_campaign=veggie_2016\">veggie &amp; frei von 2016<\/a>\u00a0und bis dahin m\u00fcssen alle St\u00e4nde fertig sein. Wir haben uns schon mal umgeschaut und sind zuversichtlich, dass morgen alles bereit ist f\u00fcr die zweite Auflage der veggie &amp; frei von.<\/p>\n\n\t\t<style type=\"text\/css\">\n\t\t\t#gallery-1 {\n\t\t\t\tmargin: auto;\n\t\t\t}\n\t\t\t#gallery-1 .gallery-item {\n\t\t\t\tfloat: left;\n\t\t\t\tmargin-top: 10px;\n\t\t\t\ttext-align: center;\n\t\t\t\twidth: 50%;\n\t\t\t}\n\t\t\t#gallery-1 img {\n\t\t\t\tborder: 2px solid #cfcfcf;\n\t\t\t}\n\t\t\t#gallery-1 .gallery-caption {\n\t\t\t\tmargin-left: 0;\n\t\t\t}\n\t\t\t\/* see gallery_shortcode() in wp-includes\/media.php *\/\n\t\t<\/style>\n\t\t<div id='gallery-1' class='gallery galleryid-1387 gallery-columns-2 gallery-size-large'><dl class='gallery-item'>\n\t\t\t<dt class='gallery-icon landscape'>\n\t\t\t\t<img loading=\"lazy\" decoding=\"async\" width=\"676\" height=\"451\" src=\"https:\/\/blog.veggie-freivon.de\/wp-content\/uploads\/2016\/11\/IMG_1120-1024x683.jpg\" class=\"attachment-large size-large\" alt=\"\" aria-describedby=\"gallery-1-1399\" srcset=\"https:\/\/blog.veggie-freivon.de\/wp-content\/uploads\/2016\/11\/IMG_1120-1024x683.jpg 1024w, https:\/\/blog.veggie-freivon.de\/wp-content\/uploads\/2016\/11\/IMG_1120-300x200.jpg 300w, https:\/\/blog.veggie-freivon.de\/wp-content\/uploads\/2016\/11\/IMG_1120-768x512.jpg 768w, https:\/\/blog.veggie-freivon.de\/wp-content\/uploads\/2016\/11\/IMG_1120-945x630.jpg 945w, https:\/\/blog.veggie-freivon.de\/wp-content\/uploads\/2016\/11\/IMG_1120-600x400.jpg 600w\" sizes=\"auto, (max-width: 676px) 100vw, 676px\" \/>\n\t\t\t<\/dt>\n\t\t\t\t<dd class='wp-caption-text gallery-caption' id='gallery-1-1399'>\n\t\t\t\tHier wird noch kr\u00e4ftig gewerkelt.\n\t\t\t\t<\/dd><\/dl><dl class='gallery-item'>\n\t\t\t<dt class='gallery-icon landscape'>\n\t\t\t\t<img loading=\"lazy\" decoding=\"async\" width=\"676\" height=\"454\" src=\"https:\/\/blog.veggie-freivon.de\/wp-content\/uploads\/2016\/11\/Foto-17.11.16-11-19-03-e1479390305793-1024x688.jpg\" class=\"attachment-large size-large\" alt=\"\" srcset=\"https:\/\/blog.veggie-freivon.de\/wp-content\/uploads\/2016\/11\/Foto-17.11.16-11-19-03-e1479390305793-1024x688.jpg 1024w, https:\/\/blog.veggie-freivon.de\/wp-content\/uploads\/2016\/11\/Foto-17.11.16-11-19-03-e1479390305793-300x202.jpg 300w, https:\/\/blog.veggie-freivon.de\/wp-content\/uploads\/2016\/11\/Foto-17.11.16-11-19-03-e1479390305793-768x516.jpg 768w, https:\/\/blog.veggie-freivon.de\/wp-content\/uploads\/2016\/11\/Foto-17.11.16-11-19-03-e1479390305793-945x635.jpg 945w, https:\/\/blog.veggie-freivon.de\/wp-content\/uploads\/2016\/11\/Foto-17.11.16-11-19-03-e1479390305793-600x403.jpg 600w\" sizes=\"auto, (max-width: 676px) 100vw, 676px\" \/>\n\t\t\t<\/dt><\/dl><br style=\"clear: both\" \/><dl class='gallery-item'>\n\t\t\t<dt class='gallery-icon landscape'>\n\t\t\t\t<img loading=\"lazy\" decoding=\"async\" width=\"676\" height=\"451\" src=\"https:\/\/blog.veggie-freivon.de\/wp-content\/uploads\/2016\/11\/IMG_1113-1024x683.jpg\" class=\"attachment-large size-large\" alt=\"\" aria-describedby=\"gallery-1-1393\" srcset=\"https:\/\/blog.veggie-freivon.de\/wp-content\/uploads\/2016\/11\/IMG_1113-1024x683.jpg 1024w, https:\/\/blog.veggie-freivon.de\/wp-content\/uploads\/2016\/11\/IMG_1113-300x200.jpg 300w, https:\/\/blog.veggie-freivon.de\/wp-content\/uploads\/2016\/11\/IMG_1113-768x512.jpg 768w, https:\/\/blog.veggie-freivon.de\/wp-content\/uploads\/2016\/11\/IMG_1113-945x630.jpg 945w, https:\/\/blog.veggie-freivon.de\/wp-content\/uploads\/2016\/11\/IMG_1113-600x400.jpg 600w\" sizes=\"auto, (max-width: 676px) 100vw, 676px\" \/>\n\t\t\t<\/dt>\n\t\t\t\t<dd class='wp-caption-text gallery-caption' id='gallery-1-1393'>\n\t\t\t\tvegan\n\t\t\t\t<\/dd><\/dl><dl class='gallery-item'>\n\t\t\t<dt class='gallery-icon landscape'>\n\t\t\t\t<img loading=\"lazy\" decoding=\"async\" width=\"676\" height=\"451\" src=\"https:\/\/blog.veggie-freivon.de\/wp-content\/uploads\/2016\/11\/IMG_1116-1024x683.jpg\" class=\"attachment-large size-large\" alt=\"\" aria-describedby=\"gallery-1-1396\" srcset=\"https:\/\/blog.veggie-freivon.de\/wp-content\/uploads\/2016\/11\/IMG_1116-1024x683.jpg 1024w, https:\/\/blog.veggie-freivon.de\/wp-content\/uploads\/2016\/11\/IMG_1116-300x200.jpg 300w, https:\/\/blog.veggie-freivon.de\/wp-content\/uploads\/2016\/11\/IMG_1116-768x512.jpg 768w, https:\/\/blog.veggie-freivon.de\/wp-content\/uploads\/2016\/11\/IMG_1116-945x630.jpg 945w, https:\/\/blog.veggie-freivon.de\/wp-content\/uploads\/2016\/11\/IMG_1116-600x400.jpg 600w\" sizes=\"auto, (max-width: 676px) 100vw, 676px\" \/>\n\t\t\t<\/dt>\n\t\t\t\t<dd class='wp-caption-text gallery-caption' id='gallery-1-1396'>\n\t\t\t\tder Naturkosmetik-Bereich steht auch schon fast\n\t\t\t\t<\/dd><\/dl><br style=\"clear: both\" \/><dl class='gallery-item'>\n\t\t\t<dt class='gallery-icon landscape'>\n\t\t\t\t<img loading=\"lazy\" decoding=\"async\" width=\"676\" height=\"451\" src=\"https:\/\/blog.veggie-freivon.de\/wp-content\/uploads\/2016\/11\/IMG_1115-1024x683.jpg\" class=\"attachment-large size-large\" alt=\"\" aria-describedby=\"gallery-1-1395\" srcset=\"https:\/\/blog.veggie-freivon.de\/wp-content\/uploads\/2016\/11\/IMG_1115-1024x683.jpg 1024w, https:\/\/blog.veggie-freivon.de\/wp-content\/uploads\/2016\/11\/IMG_1115-300x200.jpg 300w, https:\/\/blog.veggie-freivon.de\/wp-content\/uploads\/2016\/11\/IMG_1115-768x512.jpg 768w, https:\/\/blog.veggie-freivon.de\/wp-content\/uploads\/2016\/11\/IMG_1115-945x630.jpg 945w, https:\/\/blog.veggie-freivon.de\/wp-content\/uploads\/2016\/11\/IMG_1115-600x400.jpg 600w\" sizes=\"auto, (max-width: 676px) 100vw, 676px\" \/>\n\t\t\t<\/dt>\n\t\t\t\t<dd class='wp-caption-text gallery-caption' id='gallery-1-1395'>\n\t\t\t\tfrei von\n\t\t\t\t<\/dd><\/dl><dl class='gallery-item'>\n\t\t\t<dt class='gallery-icon landscape'>\n\t\t\t\t<img loading=\"lazy\" decoding=\"async\" width=\"676\" height=\"451\" src=\"https:\/\/blog.veggie-freivon.de\/wp-content\/uploads\/2016\/11\/IMG_1114-1024x683.jpg\" class=\"attachment-large size-large\" alt=\"\" aria-describedby=\"gallery-1-1394\" srcset=\"https:\/\/blog.veggie-freivon.de\/wp-content\/uploads\/2016\/11\/IMG_1114-1024x683.jpg 1024w, https:\/\/blog.veggie-freivon.de\/wp-content\/uploads\/2016\/11\/IMG_1114-300x200.jpg 300w, https:\/\/blog.veggie-freivon.de\/wp-content\/uploads\/2016\/11\/IMG_1114-768x512.jpg 768w, https:\/\/blog.veggie-freivon.de\/wp-content\/uploads\/2016\/11\/IMG_1114-945x630.jpg 945w, https:\/\/blog.veggie-freivon.de\/wp-content\/uploads\/2016\/11\/IMG_1114-600x400.jpg 600w\" sizes=\"auto, (max-width: 676px) 100vw, 676px\" \/>\n\t\t\t<\/dt>\n\t\t\t\t<dd class='wp-caption-text gallery-caption' id='gallery-1-1394'>\n\t\t\t\tvegetarisch\n\t\t\t\t<\/dd><\/dl><br style=\"clear: both\" \/><dl class='gallery-item'>\n\t\t\t<dt class='gallery-icon portrait'>\n\t\t\t\t<img loading=\"lazy\" decoding=\"async\" width=\"676\" height=\"749\" src=\"https:\/\/blog.veggie-freivon.de\/wp-content\/uploads\/2016\/11\/Foto-17.11.16-11-18-54-e1479389834714-924x1024.jpg\" class=\"attachment-large size-large\" alt=\"\" aria-describedby=\"gallery-1-1389\" srcset=\"https:\/\/blog.veggie-freivon.de\/wp-content\/uploads\/2016\/11\/Foto-17.11.16-11-18-54-e1479389834714-924x1024.jpg 924w, https:\/\/blog.veggie-freivon.de\/wp-content\/uploads\/2016\/11\/Foto-17.11.16-11-18-54-e1479389834714-271x300.jpg 271w, https:\/\/blog.veggie-freivon.de\/wp-content\/uploads\/2016\/11\/Foto-17.11.16-11-18-54-e1479389834714-768x851.jpg 768w, https:\/\/blog.veggie-freivon.de\/wp-content\/uploads\/2016\/11\/Foto-17.11.16-11-18-54-e1479389834714-945x1047.jpg 945w, https:\/\/blog.veggie-freivon.de\/wp-content\/uploads\/2016\/11\/Foto-17.11.16-11-18-54-e1479389834714-600x665.jpg 600w\" sizes=\"auto, (max-width: 676px) 100vw, 676px\" \/>\n\t\t\t<\/dt>\n\t\t\t\t<dd class='wp-caption-text gallery-caption' id='gallery-1-1389'>\n\t\t\t\tdie Speick Media Lounge\n\t\t\t\t<\/dd><\/dl><dl class='gallery-item'>\n\t\t\t<dt class='gallery-icon portrait'>\n\t\t\t\t<img loading=\"lazy\" decoding=\"async\" width=\"676\" height=\"783\" src=\"https:\/\/blog.veggie-freivon.de\/wp-content\/uploads\/2016\/11\/IMG_1112-e1479390252823-884x1024.jpg\" class=\"attachment-large size-large\" alt=\"\" aria-describedby=\"gallery-1-1392\" srcset=\"https:\/\/blog.veggie-freivon.de\/wp-content\/uploads\/2016\/11\/IMG_1112-e1479390252823-884x1024.jpg 884w, https:\/\/blog.veggie-freivon.de\/wp-content\/uploads\/2016\/11\/IMG_1112-e1479390252823-259x300.jpg 259w, https:\/\/blog.veggie-freivon.de\/wp-content\/uploads\/2016\/11\/IMG_1112-e1479390252823-768x889.jpg 768w, https:\/\/blog.veggie-freivon.de\/wp-content\/uploads\/2016\/11\/IMG_1112-e1479390252823-945x1094.jpg 945w, https:\/\/blog.veggie-freivon.de\/wp-content\/uploads\/2016\/11\/IMG_1112-e1479390252823-600x695.jpg 600w, https:\/\/blog.veggie-freivon.de\/wp-content\/uploads\/2016\/11\/IMG_1112-e1479390252823.jpg 1715w\" sizes=\"auto, (max-width: 676px) 100vw, 676px\" \/>\n\t\t\t<\/dt>\n\t\t\t\t<dd class='wp-caption-text gallery-caption' id='gallery-1-1392'>\n\t\t\t\tGlutina von Seitz glutenfrei ist schon da\n\t\t\t\t<\/dd><\/dl><br style=\"clear: both\" \/>\n\t\t<\/div>\n\n<p>&nbsp;<\/p>\n","protected":false},"excerpt":{"rendered":"<p>Da tut sich was in unserer Halle 9. Wo vor einigen Tagen noch die neuesten Automodelle bei der Premiere der Autotage\u00a0bestaunt werden konnten, wird nun eifrig geschleppt, gebohrt und aufgebaut. Morgen startet die veggie &amp; frei von 2016\u00a0und bis dahin&#8230; <a class=\"more-link\" href=\"https:\/\/blog.veggie-freivon.de\/index.php\/2016\/11\/17\/da-tut-sich-was\/\">Weiterlesen &rarr;<\/a><\/p>\n","protected":false},"author":14,"featured_media":1393,"comment_status":"open","ping_status":"open","sticky":false,"template":"","format":"standard","meta":{"ngg_post_thumbnail":0,"jetpack_post_was_ever_published":false,"_jetpack_newsletter_access":"","_jetpack_dont_email_post_to_subs":false,"_jetpack_newsletter_tier_id":0,"_jetpack_memberships_contains_paywalled_content":false,"_jetpack_memberships_contains_paid_content":false,"footnotes":""},"categories":[1],"tags":[192,42,17,49,26,28,35,38,81],"class_list":["post-1387","post","type-post","status-publish","format-standard","has-post-thumbnail","hentry","category-allgemein","tag-aufbau","tag-fachforum","tag-glutenfrei","tag-herbst","tag-messe","tag-seitz-glutenfrei-buehne","tag-vegetarisch","tag-veggie-frei-von","tag-veggie-frei-von-2016"],"jetpack_featured_media_url":"https:\/\/blog.veggie-freivon.de\/wp-content\/uploads\/2016\/11\/IMG_1113.jpg","jetpack_sharing_enabled":true,"_links":{"self":[{"href":"https:\/\/blog.veggie-freivon.de\/index.php\/wp-json\/wp\/v2\/posts\/1387","targetHints":{"allow":["GET"]}}],"collection":[{"href":"https:\/\/blog.veggie-freivon.de\/index.php\/wp-json\/wp\/v2\/posts"}],"about":[{"href":"https:\/\/blog.veggie-freivon.de\/index.php\/wp-json\/wp\/v2\/types\/post"}],"author":[{"embeddable":true,"href":"https:\/\/blog.veggie-freivon.de\/index.php\/wp-json\/wp\/v2\/users\/14"}],"replies":[{"embeddable":true,"href":"https:\/\/blog.veggie-freivon.de\/index.php\/wp-json\/wp\/v2\/comments?post=1387"}],"version-history":[{"count":7,"href":"https:\/\/blog.veggie-freivon.de\/index.php\/wp-json\/wp\/v2\/posts\/1387\/revisions"}],"predecessor-version":[{"id":1406,"href":"https:\/\/blog.veggie-freivon.de\/index.php\/wp-json\/wp\/v2\/posts\/1387\/revisions\/1406"}],"wp:featuredmedia":[{"embeddable":true,"href":"https:\/\/blog.veggie-freivon.de\/index.php\/wp-json\/wp\/v2\/media\/1393"}],"wp:attachment":[{"href":"https:\/\/blog.veggie-freivon.de\/index.php\/wp-json\/wp\/v2\/media?parent=1387"}],"wp:term":[{"taxonomy":"category","embeddable":true,"href":"https:\/\/blog.veggie-freivon.de\/index.php\/wp-json\/wp\/v2\/categories?post=1387"},{"taxonomy":"post_tag","embeddable":true,"href":"https:\/\/blog.veggie-freivon.de\/index.php\/wp-json\/wp\/v2\/tags?post=1387"}],"curies":[{"name":"wp","href":"https:\/\/api.w.org\/{rel}","templated":true}]}}