{"id":1413,"date":"2016-11-18T20:02:16","date_gmt":"2016-11-18T19:02:16","guid":{"rendered":"http:\/\/blog.veggie-freivon.de\/?p=1413"},"modified":"2016-11-18T20:02:16","modified_gmt":"2016-11-18T19:02:16","slug":"was-fuer-ein-auftakt","status":"publish","type":"post","link":"https:\/\/blog.veggie-freivon.de\/index.php\/2016\/11\/18\/was-fuer-ein-auftakt\/","title":{"rendered":"Was f\u00fcr ein Auftakt!"},"content":{"rendered":"<p>Wow. Einfach nur: Wow!<\/p>\n<p>Die veggie &amp; frei von ist heute gestartet. Und wie! Wir sind noch ganz \u00fcberw\u00e4ltigt: 180 Aussteller haben heute Morgen unsere Messehalle 9 in Beschlag genommen &#8211; und tausende Besucher gl\u00fccklich gemacht. Klickt euch einfach durch die Bilder und freut euch: Die Messe hat noch bis Sonntagabend, 18 Uhr ge\u00f6ffnet. Wir freuen uns auf euren Besuch!<\/p>\n<p>Solltet ihr euren Besuch wider Erwarten noch nicht geplant haben, dann schaut doch einfach mal in unser <strong><a href=\"http:\/\/www.messe-stuttgart.de\/veggie\/fuer-besucher\/programm-seitz-buehne\/\" target=\"_blank\">B\u00fchnenprogramm<\/a><\/strong>, das\u00a0<a href=\"http:\/\/www.messe-stuttgart.de\/veggie\/fuer-besucher\/fachforum\/\" target=\"_blank\"><strong>Vortragsprogramm<\/strong> <\/a>und die <strong><a href=\"http:\/\/www.messe-stuttgart.de\/veggie\/fuer-besucher\/ausstellerverzeichnis\/\" target=\"_blank\">Ausstellerliste<\/a><\/strong>. Mit Sicherheit werdet ihr hier f\u00fcndig und entdeckt viele, viele Gr\u00fcnde, die f\u00fcr einen Besuch auf der #veggiefreivon16 sprechen. \ud83d\ude42<\/p>\n\n\t\t<style type=\"text\/css\">\n\t\t\t#gallery-1 {\n\t\t\t\tmargin: auto;\n\t\t\t}\n\t\t\t#gallery-1 .gallery-item {\n\t\t\t\tfloat: left;\n\t\t\t\tmargin-top: 10px;\n\t\t\t\ttext-align: center;\n\t\t\t\twidth: 33%;\n\t\t\t}\n\t\t\t#gallery-1 img {\n\t\t\t\tborder: 2px solid #cfcfcf;\n\t\t\t}\n\t\t\t#gallery-1 .gallery-caption {\n\t\t\t\tmargin-left: 0;\n\t\t\t}\n\t\t\t\/* see gallery_shortcode() in wp-includes\/media.php *\/\n\t\t<\/style>\n\t\t<div id='gallery-1' class='gallery galleryid-1413 gallery-columns-3 gallery-size-thumbnail'><dl class='gallery-item'>\n\t\t\t<dt class='gallery-icon landscape'>\n\t\t\t\t<a href='https:\/\/blog.veggie-freivon.de\/index.php\/2016\/11\/18\/was-fuer-ein-auftakt\/smh_veg_16_p_032_gr\/'><img loading=\"lazy\" decoding=\"async\" width=\"150\" height=\"150\" src=\"https:\/\/blog.veggie-freivon.de\/wp-content\/uploads\/2016\/11\/SMH_VEG_16_P_032_gr-150x150.jpg\" class=\"attachment-thumbnail size-thumbnail\" alt=\"\" \/><\/a>\n\t\t\t<\/dt><\/dl><dl class='gallery-item'>\n\t\t\t<dt class='gallery-icon landscape'>\n\t\t\t\t<a href='https:\/\/blog.veggie-freivon.de\/index.php\/2016\/11\/18\/was-fuer-ein-auftakt\/smh_veg_16_p_030_gr\/'><img loading=\"lazy\" decoding=\"async\" width=\"150\" height=\"150\" src=\"https:\/\/blog.veggie-freivon.de\/wp-content\/uploads\/2016\/11\/SMH_VEG_16_P_030_gr-150x150.jpg\" class=\"attachment-thumbnail size-thumbnail\" alt=\"\" \/><\/a>\n\t\t\t<\/dt><\/dl><dl class='gallery-item'>\n\t\t\t<dt class='gallery-icon landscape'>\n\t\t\t\t<a href='https:\/\/blog.veggie-freivon.de\/index.php\/2016\/11\/18\/was-fuer-ein-auftakt\/smh_veg_16_p_018_gr\/'><img loading=\"lazy\" decoding=\"async\" width=\"150\" height=\"150\" src=\"https:\/\/blog.veggie-freivon.de\/wp-content\/uploads\/2016\/11\/SMH_VEG_16_P_018_gr-150x150.jpg\" class=\"attachment-thumbnail size-thumbnail\" alt=\"\" \/><\/a>\n\t\t\t<\/dt><\/dl><br style=\"clear: both\" \/><dl class='gallery-item'>\n\t\t\t<dt class='gallery-icon landscape'>\n\t\t\t\t<a href='https:\/\/blog.veggie-freivon.de\/index.php\/2016\/11\/18\/was-fuer-ein-auftakt\/smh_veg_16_p_015_gr\/'><img loading=\"lazy\" decoding=\"async\" width=\"150\" height=\"150\" src=\"https:\/\/blog.veggie-freivon.de\/wp-content\/uploads\/2016\/11\/SMH_VEG_16_P_015_gr-150x150.jpg\" class=\"attachment-thumbnail size-thumbnail\" alt=\"\" \/><\/a>\n\t\t\t<\/dt><\/dl><dl class='gallery-item'>\n\t\t\t<dt class='gallery-icon landscape'>\n\t\t\t\t<a href='https:\/\/blog.veggie-freivon.de\/index.php\/2016\/11\/18\/was-fuer-ein-auftakt\/smh_veg_16_p_014_gr\/'><img loading=\"lazy\" decoding=\"async\" width=\"150\" height=\"150\" src=\"https:\/\/blog.veggie-freivon.de\/wp-content\/uploads\/2016\/11\/SMH_VEG_16_P_014_gr-150x150.jpg\" class=\"attachment-thumbnail size-thumbnail\" alt=\"\" \/><\/a>\n\t\t\t<\/dt><\/dl><dl class='gallery-item'>\n\t\t\t<dt class='gallery-icon landscape'>\n\t\t\t\t<a href='https:\/\/blog.veggie-freivon.de\/index.php\/2016\/11\/18\/was-fuer-ein-auftakt\/smh_veg_16_p_005_gr\/'><img loading=\"lazy\" decoding=\"async\" width=\"150\" height=\"150\" src=\"https:\/\/blog.veggie-freivon.de\/wp-content\/uploads\/2016\/11\/SMH_VEG_16_P_005_gr-150x150.jpg\" class=\"attachment-thumbnail size-thumbnail\" alt=\"\" \/><\/a>\n\t\t\t<\/dt><\/dl><br style=\"clear: both\" \/><dl class='gallery-item'>\n\t\t\t<dt class='gallery-icon landscape'>\n\t\t\t\t<a href='https:\/\/blog.veggie-freivon.de\/index.php\/2016\/11\/18\/was-fuer-ein-auftakt\/smh_veg_16_p_004_gr\/'><img loading=\"lazy\" decoding=\"async\" width=\"150\" height=\"150\" src=\"https:\/\/blog.veggie-freivon.de\/wp-content\/uploads\/2016\/11\/SMH_VEG_16_P_004_gr-150x150.jpg\" class=\"attachment-thumbnail size-thumbnail\" alt=\"\" \/><\/a>\n\t\t\t<\/dt><\/dl>\n\t\t\t<br style='clear: both' \/>\n\t\t<\/div>\n\n","protected":false},"excerpt":{"rendered":"<p>Wow. Einfach nur: Wow! Die veggie &amp; frei von ist heute gestartet. Und wie! Wir sind noch ganz \u00fcberw\u00e4ltigt: 180 Aussteller haben heute Morgen unsere Messehalle 9 in Beschlag genommen &#8211; und tausende Besucher gl\u00fccklich gemacht. Klickt euch einfach durch&#8230; <a class=\"more-link\" href=\"https:\/\/blog.veggie-freivon.de\/index.php\/2016\/11\/18\/was-fuer-ein-auftakt\/\">Weiterlesen &rarr;<\/a><\/p>\n","protected":false},"author":11,"featured_media":1415,"comment_status":"open","ping_status":"open","sticky":false,"template":"","format":"standard","meta":{"ngg_post_thumbnail":0,"jetpack_post_was_ever_published":false,"_jetpack_newsletter_access":"","_jetpack_dont_email_post_to_subs":false,"_jetpack_newsletter_tier_id":0,"_jetpack_memberships_contains_paywalled_content":false,"_jetpack_memberships_contains_paid_content":false,"footnotes":""},"categories":[1],"tags":[],"class_list":["post-1413","post","type-post","status-publish","format-standard","has-post-thumbnail","hentry","category-allgemein"],"jetpack_featured_media_url":"https:\/\/blog.veggie-freivon.de\/wp-content\/uploads\/2016\/11\/SMH_VEG_16_P_005_gr.jpg","jetpack_sharing_enabled":true,"_links":{"self":[{"href":"https:\/\/blog.veggie-freivon.de\/index.php\/wp-json\/wp\/v2\/posts\/1413","targetHints":{"allow":["GET"]}}],"collection":[{"href":"https:\/\/blog.veggie-freivon.de\/index.php\/wp-json\/wp\/v2\/posts"}],"about":[{"href":"https:\/\/blog.veggie-freivon.de\/index.php\/wp-json\/wp\/v2\/types\/post"}],"author":[{"embeddable":true,"href":"https:\/\/blog.veggie-freivon.de\/index.php\/wp-json\/wp\/v2\/users\/11"}],"replies":[{"embeddable":true,"href":"https:\/\/blog.veggie-freivon.de\/index.php\/wp-json\/wp\/v2\/comments?post=1413"}],"version-history":[{"count":1,"href":"https:\/\/blog.veggie-freivon.de\/index.php\/wp-json\/wp\/v2\/posts\/1413\/revisions"}],"predecessor-version":[{"id":1421,"href":"https:\/\/blog.veggie-freivon.de\/index.php\/wp-json\/wp\/v2\/posts\/1413\/revisions\/1421"}],"wp:featuredmedia":[{"embeddable":true,"href":"https:\/\/blog.veggie-freivon.de\/index.php\/wp-json\/wp\/v2\/media\/1415"}],"wp:attachment":[{"href":"https:\/\/blog.veggie-freivon.de\/index.php\/wp-json\/wp\/v2\/media?parent=1413"}],"wp:term":[{"taxonomy":"category","embeddable":true,"href":"https:\/\/blog.veggie-freivon.de\/index.php\/wp-json\/wp\/v2\/categories?post=1413"},{"taxonomy":"post_tag","embeddable":true,"href":"https:\/\/blog.veggie-freivon.de\/index.php\/wp-json\/wp\/v2\/tags?post=1413"}],"curies":[{"name":"wp","href":"https:\/\/api.w.org\/{rel}","templated":true}]}}