{"id":1656,"date":"2017-04-12T15:50:14","date_gmt":"2017-04-12T13:50:14","guid":{"rendered":"http:\/\/blog.veggie-freivon.de\/?p=1656"},"modified":"2017-04-12T11:17:49","modified_gmt":"2017-04-12T09:17:49","slug":"frei-von-das-leben-mit-allergien-und-unvertraeglichkeiten","status":"publish","type":"post","link":"https:\/\/blog.veggie-freivon.de\/index.php\/2017\/04\/12\/frei-von-das-leben-mit-allergien-und-unvertraeglichkeiten\/","title":{"rendered":"frei von: Das Leben mit Allergien und Unvertr\u00e4glichkeiten"},"content":{"rendered":"<p style=\"text-align: justify;\">Die veggie &amp; frei von richtet sich mit ihrem Angebot nicht nur an Personen, die aus \u00dcberzeugung eine gesunde und bewusste Ern\u00e4hrung bevorzugen, sondern auch an diejenigen, die gar keine andere M\u00f6glichkeit haben, als ihre Ern\u00e4hrung konsequent umzustellen. Sei es, weil sie an Allergien leiden oder wegen einer Unvertr\u00e4glichkeit auf bestimmte Produkte verzichten m\u00fcssen.<\/p>\n<div id=\"attachment_1478\" style=\"width: 686px\" class=\"wp-caption alignleft\"><a href=\"http:\/\/blog.veggie-freivon.de\/wp-content\/uploads\/2016\/12\/veggiefreivon_3.jpg\"><img loading=\"lazy\" decoding=\"async\" aria-describedby=\"caption-attachment-1478\" class=\"wp-image-1478 size-large\" src=\"http:\/\/blog.veggie-freivon.de\/wp-content\/uploads\/2016\/12\/veggiefreivon_3-683x1024.jpg\" alt=\"\" width=\"676\" height=\"1014\" srcset=\"https:\/\/blog.veggie-freivon.de\/wp-content\/uploads\/2016\/12\/veggiefreivon_3-683x1024.jpg 683w, https:\/\/blog.veggie-freivon.de\/wp-content\/uploads\/2016\/12\/veggiefreivon_3-200x300.jpg 200w, https:\/\/blog.veggie-freivon.de\/wp-content\/uploads\/2016\/12\/veggiefreivon_3-768x1152.jpg 768w, https:\/\/blog.veggie-freivon.de\/wp-content\/uploads\/2016\/12\/veggiefreivon_3-600x900.jpg 600w, https:\/\/blog.veggie-freivon.de\/wp-content\/uploads\/2016\/12\/veggiefreivon_3.jpg 850w\" sizes=\"auto, (max-width: 676px) 100vw, 676px\" \/><\/a><p id=\"caption-attachment-1478\" class=\"wp-caption-text\">Fabienne auf der Seitz glutenfrei B\u00fchne bei der veggie &amp; frei von 2016<\/p><\/div>\n<p style=\"text-align: justify;\">Eine dieser von Lebensmittelunvertr\u00e4glichkeiten betroffenen Person ist Fabienne. Aufmerksame Blog-Leser kennen sie vielleicht bereits von der <a href=\"http:\/\/blog.veggie-freivon.de\/index.php\/2016\/06\/16\/vorhang-auf-unsere-kochshow-kandidaten-fuer-die-veggie-frei-von\/\">Kochshow-Challenge<\/a> aus dem letzten Jahr, die sie mit ihrer leckeren Nutella-Pizza gewinnen konnte. Fabienne bloggt auf <a href=\"http:\/\/www.freiknuspern.de\">freiknuspern<\/a> \u00fcber das Leben mit Nahrungsmittelallergien und zeigt mit zahlreichen Rezepten, wie vielf\u00e4ltig die frei-von-K\u00fcche sein kann.<\/p>\n<p style=\"text-align: justify;\">In den n\u00e4chsten Monaten wird sie hier auf dem Blog erz\u00e4hlen, wie sie mit ihrer Diagnose den Alltag meistert, welche Tipps und Tricks es gibt und welche Lieblingsrezepte sie empfehlen kann. Am Freitag geht&#8217;s los, also seid gespannt und kommentiert eifrig, wenn euch etwas zu diesem Thema unter den N\u00e4geln brennt &#8211; gemeinsam mit Fabienne versuchen wir, alle eure Fragen zu beantworten!<\/p>\n","protected":false},"excerpt":{"rendered":"<p>Die veggie &amp; frei von richtet sich mit ihrem Angebot nicht nur an Personen, die aus \u00dcberzeugung eine gesunde und bewusste Ern\u00e4hrung bevorzugen, sondern auch an diejenigen, die gar keine andere M\u00f6glichkeit haben, als ihre Ern\u00e4hrung konsequent umzustellen. Sei es,&#8230; <a class=\"more-link\" href=\"https:\/\/blog.veggie-freivon.de\/index.php\/2017\/04\/12\/frei-von-das-leben-mit-allergien-und-unvertraeglichkeiten\/\">Weiterlesen &rarr;<\/a><\/p>\n","protected":false},"author":14,"featured_media":1660,"comment_status":"open","ping_status":"open","sticky":false,"template":"","format":"standard","meta":{"ngg_post_thumbnail":0,"jetpack_post_was_ever_published":false,"_jetpack_newsletter_access":"","_jetpack_dont_email_post_to_subs":false,"_jetpack_newsletter_tier_id":0,"_jetpack_memberships_contains_paywalled_content":false,"_jetpack_memberships_contains_paid_content":false,"footnotes":""},"categories":[1],"tags":[68,30,162,7,25,214,17,34],"class_list":["post-1656","post","type-post","status-publish","format-standard","has-post-thumbnail","hentry","category-allgemein","tag-backen","tag-einkaufen","tag-ernaehrung","tag-essen","tag-frei-von","tag-freiknuspern","tag-glutenfrei","tag-kochen"],"jetpack_featured_media_url":"https:\/\/blog.veggie-freivon.de\/wp-content\/uploads\/2017\/04\/glutenfrei.jpg","jetpack_sharing_enabled":true,"_links":{"self":[{"href":"https:\/\/blog.veggie-freivon.de\/index.php\/wp-json\/wp\/v2\/posts\/1656","targetHints":{"allow":["GET"]}}],"collection":[{"href":"https:\/\/blog.veggie-freivon.de\/index.php\/wp-json\/wp\/v2\/posts"}],"about":[{"href":"https:\/\/blog.veggie-freivon.de\/index.php\/wp-json\/wp\/v2\/types\/post"}],"author":[{"embeddable":true,"href":"https:\/\/blog.veggie-freivon.de\/index.php\/wp-json\/wp\/v2\/users\/14"}],"replies":[{"embeddable":true,"href":"https:\/\/blog.veggie-freivon.de\/index.php\/wp-json\/wp\/v2\/comments?post=1656"}],"version-history":[{"count":8,"href":"https:\/\/blog.veggie-freivon.de\/index.php\/wp-json\/wp\/v2\/posts\/1656\/revisions"}],"predecessor-version":[{"id":1668,"href":"https:\/\/blog.veggie-freivon.de\/index.php\/wp-json\/wp\/v2\/posts\/1656\/revisions\/1668"}],"wp:featuredmedia":[{"embeddable":true,"href":"https:\/\/blog.veggie-freivon.de\/index.php\/wp-json\/wp\/v2\/media\/1660"}],"wp:attachment":[{"href":"https:\/\/blog.veggie-freivon.de\/index.php\/wp-json\/wp\/v2\/media?parent=1656"}],"wp:term":[{"taxonomy":"category","embeddable":true,"href":"https:\/\/blog.veggie-freivon.de\/index.php\/wp-json\/wp\/v2\/categories?post=1656"},{"taxonomy":"post_tag","embeddable":true,"href":"https:\/\/blog.veggie-freivon.de\/index.php\/wp-json\/wp\/v2\/tags?post=1656"}],"curies":[{"name":"wp","href":"https:\/\/api.w.org\/{rel}","templated":true}]}}