{"id":1948,"date":"2017-11-17T10:27:14","date_gmt":"2017-11-17T09:27:14","guid":{"rendered":"http:\/\/blog.veggie-freivon.de\/?p=1948"},"modified":"2017-11-17T10:27:14","modified_gmt":"2017-11-17T09:27:14","slug":"veggie-frei-von-abc","status":"publish","type":"post","link":"https:\/\/blog.veggie-freivon.de\/index.php\/2017\/11\/17\/veggie-frei-von-abc\/","title":{"rendered":"veggie &#038; frei von &#8211; ABC"},"content":{"rendered":"<p>Kurz vor der Messe steigt die Aufregung &#8211; sowohl besucher- als auch projektseitig. In einer Woche geht es los und die <a href=\"http:\/\/www.messe-stuttgart.de\/veggie?utm_source=veggie_blog&amp;utm_medium=blogpost&amp;utm_campaign=veggie_2017\">veggie &amp; frei von<\/a> \u00f6ffnet erneut ihre Tore. Was euch dort alles erwartet, haben wir in einem &#8222;veggie&amp;freivon-ABC&#8220; f\u00fcr euch zusammengefasst.<\/p>\n<p><strong>A<\/strong> Allergiker finden auf der Messe viele Aussteller und Produkte, die allergenfreie Lebensmittel anbieten.<br \/>\n<strong>B<\/strong> Bj\u00f6rn Moschinski und andere Stars der veganen K\u00fcche stehen auf der B\u00fchne und pr\u00e4sentieren ihre leckersten Rezepte.<br \/>\n<strong>C<\/strong> Clean Eating ist ein absoluter Food-Trend und wird auf der B\u00fchne von <a href=\"http:\/\/www.naturallygood.de\/\">Adaeze Wolf<\/a> vorgestellt.<br \/>\n<strong>D<\/strong> <a href=\"https:\/\/www.dzg-online.de\/\">Deutsche Z\u00f6liakie Gesellschaft<\/a> (DZG) ist ideeller Tr\u00e4ger des &#8222;frei-von&#8220;-Bereichs.<br \/>\n<strong>E<\/strong> Essen ohne Verzicht &#8211; unter diesem Motto zeigt die veggie &amp; frei von viele alternative Ern\u00e4hrungsformen auf.<br \/>\n<strong>F<\/strong> Frei von: Der Bereich der Messe widmet sich\u00a0Menschen mit Lebensmittelallergien und Nahrungsmittelunvertr\u00e4glichkeiten.<br \/>\n<strong>G\u00a0<\/strong>Glutenintoleranz ist eine h\u00e4ufige Unvertr\u00e4glichkeit. Die Messe bietet ein gro\u00dfes Angebot an glutenfreien Produkten.<br \/>\n<strong>H<\/strong>\u00a0Herbstliche Rezepte pr\u00e4sentieren unsere Showk\u00f6che den Messebesuchern. Nachkochen ist erlaubt!<br \/>\n<strong>I\u00a0<\/strong>Individuelle Beratung bekommen Sie bei verschiedenen Ern\u00e4hrungsberatern und Food-Experten.<br \/>\n<strong>J\u00a0<\/strong>Jahrestag: Die veggie &amp; frei von wird in 2017 drei Jahre alt!<br \/>\n<strong>K<\/strong> Kitchen Corner: In der Kitchen Corner von Sch\u00e4r finden Sie Beratung und Produkte rund um das Thema Glutenunvertr\u00e4glichkeit.<br \/>\n<strong>L\u00a0<\/strong>Leder, aber vegan: Welche Alternativen zur tierischen Variante es gibt, pr\u00e4sentiert <a href=\"https:\/\/www.peta.de\/\">PETA<\/a> im Fachforum.<br \/>\n<strong>M\u00a0<\/strong>Muskeln aufbauen und fit bleiben mit veganer Ern\u00e4hrung, diesem Thema widmet sich <a href=\"https:\/\/www.youtube.com\/channel\/UCtg17AAUcgsfmTZ7cOojgpA\">Fitness-Youtuber Karl Ess<\/a>.<br \/>\n<strong>N\u00a0<\/strong>Naturkosmetik ist auch im Jahr 2017 ein wichtiger Bestandteil der veggie &amp; frei von.<br \/>\n<strong>O<\/strong>\u00a0Ofenkartoffel mal anders: das junge Unternehmen <a href=\"http:\/\/kumpirbabo.de\/\">Kumpir Babo<\/a> aus Stuttgart zeigt, wie vielseitig der Deutschen liebstes Gem\u00fcse sein kann.<br \/>\n<strong>P\u00a0<\/strong><a href=\"https:\/\/proveg.com\/de\/\">ProVeg International<\/a> ist der ideelle Tr\u00e4ger des \u201eveggie\u201c-Bereichs und informiert auf der Messe rund um das Thema vegane Ern\u00e4hrung.<br \/>\n<strong>Q\u00a0<\/strong>Querfood pr\u00e4sentiert auf der veggie &amp; frei von leckere, glutenfreie Produkte.<br \/>\n<strong>R\u00a0<\/strong>Rohk\u00f6stler willkommen! Auch Fans roh-veganer Kost k\u00f6nnen auf der Messe nach Herzenslust schlemmen und shoppen!<br \/>\n<strong>S <\/strong>Start-Ups pr\u00e4sentieren ihre innovativen Produkte auf der veggie &amp; frei von.<br \/>\n<strong>T\u00a0<\/strong>T\u00f6rtchen ohne tierischen Zus\u00e4tze backt TV-K\u00f6chin Stina Spiegelberg auf der Seitz glutenfrei B\u00fchne.<br \/>\n<strong>U\u00a0<\/strong>Unternehmensgr\u00fcnder k\u00f6nnen sich am Stand von ProVeg International Informationen rund ums Thema \u201eveganes Start-Up\u201c holen.<br \/>\n<strong>V <\/strong>Vegane Vinothek: Dass Wein nicht immer vegan ist, wissen viele Verbraucher nicht. Eine hochwertige Auswahl an veganen Weinen finden Sie in der veganen Vinothek.<strong><br \/>\nW\u00a0<\/strong>Wildpflanzen sind lecker und gesund &#8211; wie sie verarbeitet werden k\u00f6nnen zeigt <a href=\"http:\/\/www.christine-volm.de\/\">Dr. Christine Volm<\/a> in ihren Vortr\u00e4gen.<br \/>\n<strong>Y <\/strong>Yummy: Lecker wird es auf alle F\u00e4lle. Daf\u00fcr sorgen die Food Trucks im Food Court, die mit vielen K\u00f6stlichkeiten warten.<br \/>\n<strong>Z <\/strong>Z\u00f6liakie ist das Fachwort f\u00fcr Glutenunvertr\u00e4glichkeit, die durch eine Darmerkrankung verursacht wird.<\/p>\n","protected":false},"excerpt":{"rendered":"<p>Kurz vor der Messe steigt die Aufregung &#8211; sowohl besucher- als auch projektseitig. In einer Woche geht es los und die veggie &amp; frei von \u00f6ffnet erneut ihre Tore. Was euch dort alles erwartet, haben wir in einem &#8222;veggie&amp;freivon-ABC&#8220; f\u00fcr&#8230; <a class=\"more-link\" href=\"https:\/\/blog.veggie-freivon.de\/index.php\/2017\/11\/17\/veggie-frei-von-abc\/\">Weiterlesen &rarr;<\/a><\/p>\n","protected":false},"author":14,"featured_media":1950,"comment_status":"open","ping_status":"open","sticky":false,"template":"","format":"standard","meta":{"ngg_post_thumbnail":0,"jetpack_post_was_ever_published":false,"_jetpack_newsletter_access":"","_jetpack_dont_email_post_to_subs":false,"_jetpack_newsletter_tier_id":0,"_jetpack_memberships_contains_paywalled_content":false,"_jetpack_memberships_contains_paid_content":false,"footnotes":""},"categories":[1],"tags":[25,49,26,178,16,38],"class_list":["post-1948","post","type-post","status-publish","format-standard","has-post-thumbnail","hentry","category-allgemein","tag-frei-von","tag-herbst","tag-messe","tag-messeherbst","tag-vegan","tag-veggie-frei-von"],"jetpack_featured_media_url":"https:\/\/blog.veggie-freivon.de\/wp-content\/uploads\/2017\/11\/SMH_VEG_16_W_123.jpg","jetpack_sharing_enabled":true,"_links":{"self":[{"href":"https:\/\/blog.veggie-freivon.de\/index.php\/wp-json\/wp\/v2\/posts\/1948","targetHints":{"allow":["GET"]}}],"collection":[{"href":"https:\/\/blog.veggie-freivon.de\/index.php\/wp-json\/wp\/v2\/posts"}],"about":[{"href":"https:\/\/blog.veggie-freivon.de\/index.php\/wp-json\/wp\/v2\/types\/post"}],"author":[{"embeddable":true,"href":"https:\/\/blog.veggie-freivon.de\/index.php\/wp-json\/wp\/v2\/users\/14"}],"replies":[{"embeddable":true,"href":"https:\/\/blog.veggie-freivon.de\/index.php\/wp-json\/wp\/v2\/comments?post=1948"}],"version-history":[{"count":4,"href":"https:\/\/blog.veggie-freivon.de\/index.php\/wp-json\/wp\/v2\/posts\/1948\/revisions"}],"predecessor-version":[{"id":1953,"href":"https:\/\/blog.veggie-freivon.de\/index.php\/wp-json\/wp\/v2\/posts\/1948\/revisions\/1953"}],"wp:featuredmedia":[{"embeddable":true,"href":"https:\/\/blog.veggie-freivon.de\/index.php\/wp-json\/wp\/v2\/media\/1950"}],"wp:attachment":[{"href":"https:\/\/blog.veggie-freivon.de\/index.php\/wp-json\/wp\/v2\/media?parent=1948"}],"wp:term":[{"taxonomy":"category","embeddable":true,"href":"https:\/\/blog.veggie-freivon.de\/index.php\/wp-json\/wp\/v2\/categories?post=1948"},{"taxonomy":"post_tag","embeddable":true,"href":"https:\/\/blog.veggie-freivon.de\/index.php\/wp-json\/wp\/v2\/tags?post=1948"}],"curies":[{"name":"wp","href":"https:\/\/api.w.org\/{rel}","templated":true}]}}