{"id":2175,"date":"2018-05-16T09:00:12","date_gmt":"2018-05-16T07:00:12","guid":{"rendered":"http:\/\/blog.veggie-freivon.de\/?p=2175"},"modified":"2018-05-15T10:59:18","modified_gmt":"2018-05-15T08:59:18","slug":"alles-aber-bitte-glutenfrei-der-welt-zoeliakie-tag-2018","status":"publish","type":"post","link":"https:\/\/blog.veggie-freivon.de\/index.php\/2018\/05\/16\/alles-aber-bitte-glutenfrei-der-welt-zoeliakie-tag-2018\/","title":{"rendered":"Alles &#8211; Aber bitte glutenfrei! Der Welt-Z\u00f6liakie-Tag 2018"},"content":{"rendered":"<p>Am <strong>19. Mai 2018 ist Welt-Z\u00f6liakie-Tag<\/strong>! Und wir freuen uns ganz besonders, denn in diesem Jahr findet die Veranstaltung der Deutschen Z\u00f6liakie Gesellschaft e.V. anl\u00e4sslich des Welt-Z\u00f6liakie-Tags nicht weit von Stuttgart entfernt statt. Genauer: in Ludwigshafen am Rhein.<\/p>\n<p>Bereits seit \u00fcber 10 Jahren begeht die Deutsche Z\u00f6liakie Gesellschaft e.V. den Welt-Z\u00f6liakie-Tag mit regelm\u00e4\u00dfigen Veranstaltungen f\u00fcr alle, die von Z\u00f6liakie betroffen sind. Das Ziel der Veranstaltungen ist es, Z\u00f6liakie und ihre Symptome bekannter zu machen und das Verst\u00e4ndnis f\u00fcr glutenfreie Ern\u00e4hrung zu st\u00e4rken. Au\u00dferdem ist der Welt-Z\u00f6liakie-Tag eine gute Gelegenheit, um Betroffenen weltweit zu zeigen, dass sie mit ihrer Unvertr\u00e4glichkeit nicht alleine sind. Darum feiern Z\u00f6liakie-Verb\u00e4nde in ganz Europa den Welt-Z\u00f6liakie-Tag jedes Jahr unter einem gemeinsamen Motto, das von der Dachorganisation der Europ\u00e4ischen Z\u00f6liakie-Gesellschaften verk\u00fcndet wird. In diesem Jahr lautet es: Alles \u2013 Aber bitte glutenfrei! Der Slogan soll Z\u00f6liakiebetroffenen in Deutschland und Europa zeigen, dass glutenfreie Ern\u00e4hrung nicht Verzicht bedeutet.<\/p>\n<p>Wie jedes Mal beginnt der Welt-Z\u00f6likaie-Tag auch in diesem Jahr traditionell mit einem gemeinsamen Umzug zum Veranstaltungsort: dem <strong>Berliner Platz in Ludwigshafen. <\/strong>Dort erwartet alle Besucher ein abwechslungsreiches B\u00fchnenprogramm mit Showcooking, Musik, Vortr\u00e4gen und Kinderprogramm. Au\u00dferdem kann man auf dem \u201eMarkt der glutenfreien M\u00f6glichkeit\u201c entdecken, was glutenfreie Ern\u00e4hrung alles zu bieten hat. Hier kann man sich informieren, naschen und einkaufen. Mehr \u00fcber das Programm zum Welt-Z\u00f6liakie-Tag 2018 in Ludwigshafen am Rhein erfahrt ihr hier: <a href=\"http:\/\/www.welt-zoeliakie-tag.de\">www.welt-zoeliakie-tag.de<\/a><\/p>\n<p>Die Deutsche Z\u00f6liakie Gesellschaft e.V. ist \u00fcbrigens auch ein ideeler Tr\u00e4ger der<a href=\"https:\/\/www.messe-stuttgart.de\/veggie\/\"> veggie &amp; frei von<\/a> in Stuttgart. Dort findet ihr vom 23. bis 25. November 2018 ebenfalls eine gro\u00dfe Vielfalt an glutenfreien Produkten.<\/p>\n<p>Wir freuen uns schon darauf! Und ihr?<\/p>\n","protected":false},"excerpt":{"rendered":"<p>Am 19. Mai 2018 ist Welt-Z\u00f6liakie-Tag! Und wir freuen uns ganz besonders, denn in diesem Jahr findet die Veranstaltung der Deutschen Z\u00f6liakie Gesellschaft e.V. anl\u00e4sslich des Welt-Z\u00f6liakie-Tags nicht weit von Stuttgart entfernt statt. Genauer: in Ludwigshafen am Rhein. Bereits seit&#8230; <a class=\"more-link\" href=\"https:\/\/blog.veggie-freivon.de\/index.php\/2018\/05\/16\/alles-aber-bitte-glutenfrei-der-welt-zoeliakie-tag-2018\/\">Weiterlesen &rarr;<\/a><\/p>\n","protected":false},"author":14,"featured_media":2183,"comment_status":"open","ping_status":"open","sticky":false,"template":"","format":"standard","meta":{"ngg_post_thumbnail":0,"jetpack_post_was_ever_published":false,"_jetpack_newsletter_access":"","_jetpack_dont_email_post_to_subs":false,"_jetpack_newsletter_tier_id":0,"_jetpack_memberships_contains_paywalled_content":false,"_jetpack_memberships_contains_paid_content":false,"footnotes":""},"categories":[1],"tags":[],"class_list":["post-2175","post","type-post","status-publish","format-standard","has-post-thumbnail","hentry","category-allgemein"],"jetpack_featured_media_url":"https:\/\/blog.veggie-freivon.de\/wp-content\/uploads\/2018\/05\/Bild_Brot_Nudeln.jpg","jetpack_sharing_enabled":true,"_links":{"self":[{"href":"https:\/\/blog.veggie-freivon.de\/index.php\/wp-json\/wp\/v2\/posts\/2175","targetHints":{"allow":["GET"]}}],"collection":[{"href":"https:\/\/blog.veggie-freivon.de\/index.php\/wp-json\/wp\/v2\/posts"}],"about":[{"href":"https:\/\/blog.veggie-freivon.de\/index.php\/wp-json\/wp\/v2\/types\/post"}],"author":[{"embeddable":true,"href":"https:\/\/blog.veggie-freivon.de\/index.php\/wp-json\/wp\/v2\/users\/14"}],"replies":[{"embeddable":true,"href":"https:\/\/blog.veggie-freivon.de\/index.php\/wp-json\/wp\/v2\/comments?post=2175"}],"version-history":[{"count":4,"href":"https:\/\/blog.veggie-freivon.de\/index.php\/wp-json\/wp\/v2\/posts\/2175\/revisions"}],"predecessor-version":[{"id":2185,"href":"https:\/\/blog.veggie-freivon.de\/index.php\/wp-json\/wp\/v2\/posts\/2175\/revisions\/2185"}],"wp:featuredmedia":[{"embeddable":true,"href":"https:\/\/blog.veggie-freivon.de\/index.php\/wp-json\/wp\/v2\/media\/2183"}],"wp:attachment":[{"href":"https:\/\/blog.veggie-freivon.de\/index.php\/wp-json\/wp\/v2\/media?parent=2175"}],"wp:term":[{"taxonomy":"category","embeddable":true,"href":"https:\/\/blog.veggie-freivon.de\/index.php\/wp-json\/wp\/v2\/categories?post=2175"},{"taxonomy":"post_tag","embeddable":true,"href":"https:\/\/blog.veggie-freivon.de\/index.php\/wp-json\/wp\/v2\/tags?post=2175"}],"curies":[{"name":"wp","href":"https:\/\/api.w.org\/{rel}","templated":true}]}}