{"id":2435,"date":"2018-11-17T08:40:07","date_gmt":"2018-11-17T07:40:07","guid":{"rendered":"https:\/\/blog.veggie-freivon.de\/?p=2435"},"modified":"2019-01-31T15:28:03","modified_gmt":"2019-01-31T14:28:03","slug":"fokus-zero-waste-nachhaltige-alternativen-auf-der-veggie-frei-von","status":"publish","type":"post","link":"https:\/\/blog.veggie-freivon.de\/index.php\/2018\/11\/17\/fokus-zero-waste-nachhaltige-alternativen-auf-der-veggie-frei-von\/","title":{"rendered":"Fokus: Zero Waste &#8211; nachhaltige Alternativen auf der veggie &#038; frei von"},"content":{"rendered":"<p>Beim Einkaufen auf Plastikt\u00fcten verzichten, wiederverwendbare Beh\u00e4ltnisse f\u00fcr das Vesperbrot benutzen oder einfach mal zu Fu\u00df gehen, statt mit dem Auto zu fahren \u2013 all das sind die kleinen Dinge im Alltag, die jeder von uns tun kann, um nachhaltig zu handeln. Themen wie Zero Waste, Ressourcenschonung oder die Vermeidung von Lebensmittelverschwendung sind derzeit in aller Munde. Auch das Messeduo <em>veggie &amp; frei von<\/em> widmet sich in diesem Jahr verst\u00e4rkt der Thematik Abfallvermeidung. Im folgenden Blogbeitrag stellen wir euch alle Aussteller vor, die mit ihren Produkten und Dienstleistungen zur Zero Waste Bewegung beitragen und zeigen euch, wo ihr sie (auf der Messe und im Netz) finden k\u00f6nnt!<\/p>\n<h2>Diese Aussteller der veggie &amp; frei von unterst\u00fctzen Zero Waste<\/h2>\n<p>Stand 9B10: <a href=\"https:\/\/www.alb-gold.de\/\">ALB-GOLD Teigwaren GmbH<\/a><br \/>\nDass das Familienunternehmen von der schw\u00e4bischen Alb gute Nudeln kann, ist l\u00e4ngst kein Geheimnis mehr. Seit dem 21. September 2018 vertreibt das Unternehmen seine Pasta im Papierbeutel, der g\u00e4nzlich ohne Plastik auskommt. Alb-Gold ist momentan der einzige Hersteller auf dem Markt, der auf diese Art von Verpackung zur\u00fcckgreift. Innovationen &#8211; direkt aus dem L\u00e4ndle.<\/p>\n<p>Stand 9B26: <a href=\"http:\/\/www.acalawasserfilter.de\/\">Acala GmbH<\/a><br \/>\nGutes Wasser muss nicht erst in Plastikflaschen im Supermarkt erworben werden. Die Firma Acala kl\u00e4rt rund um das Thema Wasseraufbereitung, Wasserfilter und Plastikflaschen auf.<\/p>\n<p>Stand 9C11: <a href=\"https:\/\/www.soulbottles.de\/\">soulproducts GmbH<\/a><br \/>\nNur eine von zehn Plastikfalschen weltweit wird \u00fcberhaupt recycled. Ebenso bedarf es f\u00fcr die Produktion von Plastikflaschen in einem Jahr so viel \u00d6l wie f\u00fcr den Betrieb von 1 Millionen Autos. Soulbottles sind faire, klimaneutrale, schadstoff- und plastikfrei produzierte Glasflaschen, die daf\u00fcr sorgen, dass unsere Welt sauber bleibt.<\/p>\n<p>Stand 9C34: <a href=\"https:\/\/www.timo-parker.de\/\">Timo Parker<\/a><br \/>\nDie Vermeidung von Plastik spielt nicht nur beim Einkauf von Lebensmitteln und Gebrauchsgegenst\u00e4nden eine Rolle, sondern auch beim Thema K\u00f6rperpflege. Der Aussteller Timo Parker produziert Naturkosmetik, g\u00e4nzlich frei von Belastung durch Mineral\u00f6le, Parabene, Silikone und tierische Produkte. Absolut Natur, 100% vegan.<\/p>\n<p>Stand 9D20.2: <a href=\"https:\/\/www.greenpeace-energy.de\/privatkunden.html\">Greenpeace Energy eG<\/a><br \/>\nImmer einen Schritt weiter, immer einen Schritt nachhaltiger. Greenpeace Energy bietet \u00d6kostrom und Windgas \u2013 \u00f6kologisch wertvoll und aus erneuerbaren Energien.<\/p>\n<p>Stand 9D20.4: <a href=\"https:\/\/www.sidhu.de\/\">Sidhu Spezial-Kosmetik GmbH &amp; Co. KG<\/a><br \/>\nSidhu Spezial-Kosmetik bietet Haut- und Haarpflege \u2013 ganz ohne Zusatzstoffe und Mikroplastik.<\/p>\n<p>Stand 9D32.6: <a href=\"https:\/\/www.sperling-bags.com\/\">Sperling Bags<\/a><br \/>\nFashion \u2013 Powered by Nature! Sperling Bags aus D\u00fcsseldorf pr\u00e4sentieren vegane, plastikfreie Mode, die dazu noch \u201estylisch, sustainabe, simple\u201c ist.<\/p>\n<p>Stand 9E22: <a href=\"http:\/\/www.kulf-wasserfilter-technologie.de\/\">Kulf Wasserfilter Technologie<\/a><br \/>\nWasser ist Leben. Am Stand von Kulf Wasserfilter Technologie erfahren Sie alles rund ums Thema Trinkwasser.<\/p>\n<p>Stand 9D35: <a href=\"http:\/\/www.paprfloor.com\/\">paprfloor<\/a><br \/>\nMessemachen und Messebauen geht auch nachhaltig. Darum wird es im Rahmen der <em>veggie &amp; frei von<\/em>\u00a0erstmals auch nachhaltige, plastikfreie Standbaukonzepte des in Weil der Stadt gelegenen Messebauers paprfloor zu begutachten geben. Laut Inhaber Sebastian Grimm k\u00f6nnen mit dem papierbasierten Fu\u00dfbodenbelag pro Quadratmeter rund 10 Kilogramm Kohlenstoffdioxid eingespart werden. Neben recycelbarem Boden hat das Unternehmen auch verschiedene Standbauelemente im Angebot und stellt diese auf der<em> veggie &amp; frei von<\/em>, mit der Mission, andere Aussteller zum Umdenken anzuregen, aus.<\/p>\n<blockquote>\n<p style=\"text-align: left;\"><strong>Gutes sichtbar machen\u00a0<a href=\"https:\/\/blog.veggie-freivon.de\/wp-content\/uploads\/2018\/11\/ZeroWaste_Logo.png\"><img loading=\"lazy\" decoding=\"async\" class=\"alignleft wp-image-2436\" src=\"https:\/\/blog.veggie-freivon.de\/wp-content\/uploads\/2018\/11\/ZeroWaste_Logo-294x300.png\" alt=\"\" width=\"200\" height=\"203\" srcset=\"https:\/\/blog.veggie-freivon.de\/wp-content\/uploads\/2018\/11\/ZeroWaste_Logo-294x300.png 294w, https:\/\/blog.veggie-freivon.de\/wp-content\/uploads\/2018\/11\/ZeroWaste_Logo.png 472w\" sizes=\"auto, (max-width: 200px) 100vw, 200px\" \/><\/a><\/strong><\/p>\n<p style=\"text-align: left;\">Alle Aussteller des Stuttgarter MesseHerbstes, die mit ihren Produkt- und Dienstleistungsportfolios die Zero Waste Bewegung unterst\u00fctzen, sind an ihrem Stand mit dem offiziellen Zero Waste Logo der Messe Stuttgart gekennzeichnet.<\/p>\n<\/blockquote>\n<h2>Zero Waste auf der Messe<\/h2>\n<p>Auch rund um die Messe legen die Veranstalter der <em>veggie &amp; frei von<\/em> Wert auf \u00f6kologische Prozesse: Jedes Jahr ruft die Messe ihre Aussteller dazu auf, einwandfreie, \u00fcbrig gebliebene Lebensmittel, Hygieneprodukte, Bekleidung oder Haushaltswaren aus Promotion-Aktionen nach Messeende an einer zentralen Sammelstelle auf dem Messegel\u00e4nde abzugeben oder vom Messepersonal direkt am Stand abholen zu lassen. Die Spenden werden dann gesammelt an die Fildertafel weitergegeben, die diese Produkte g\u00fcnstig an Menschen mit geringem Einkommen verkauft.<br \/>\nNicht nur nach, auch w\u00e4hrend der Messe soll M\u00fcll vermieden und nachhaltig gedacht werden. Alle Aussteller des Stuttgarter Messeherbstes bekommen das sogenannte \u201eMesse-T\u00fctle\u201c &#8211; eine umweltfreundliche Papiert\u00fcte mit Messemotiv zum Ausmalen &#8211; zur Verf\u00fcgung gestellt, das anstelle von Plastikt\u00fcten f\u00fcr das Verpacken von Produkten verwendet werden kann. Diese umweltfreundliche Alternative mit dem witzigen, zeitlosen Motiv l\u00e4dt auch nach dem Messebesuch zum Wiederverwenden und Weiterbenutzen ein.<\/p>\n","protected":false},"excerpt":{"rendered":"<p>Beim Einkaufen auf Plastikt\u00fcten verzichten, wiederverwendbare Beh\u00e4ltnisse f\u00fcr das Vesperbrot benutzen oder einfach mal zu Fu\u00df gehen, statt mit dem Auto zu fahren \u2013 all das sind die kleinen Dinge im Alltag, die jeder von uns tun kann, um nachhaltig&#8230; <a class=\"more-link\" href=\"https:\/\/blog.veggie-freivon.de\/index.php\/2018\/11\/17\/fokus-zero-waste-nachhaltige-alternativen-auf-der-veggie-frei-von\/\">Weiterlesen &rarr;<\/a><\/p>\n","protected":false},"author":11,"featured_media":2437,"comment_status":"open","ping_status":"open","sticky":false,"template":"","format":"standard","meta":{"ngg_post_thumbnail":0,"jetpack_post_was_ever_published":false,"_jetpack_newsletter_access":"","_jetpack_dont_email_post_to_subs":false,"_jetpack_newsletter_tier_id":0,"_jetpack_memberships_contains_paywalled_content":false,"_jetpack_memberships_contains_paid_content":false,"footnotes":""},"categories":[1],"tags":[25,264,38,225],"class_list":["post-2435","post","type-post","status-publish","format-standard","has-post-thumbnail","hentry","category-allgemein","tag-frei-von","tag-frei-von-plastik","tag-veggie-frei-von","tag-zero-waste"],"jetpack_featured_media_url":"https:\/\/blog.veggie-freivon.de\/wp-content\/uploads\/2018\/11\/SMH_15_VFV_W_336.jpg","jetpack_sharing_enabled":true,"_links":{"self":[{"href":"https:\/\/blog.veggie-freivon.de\/index.php\/wp-json\/wp\/v2\/posts\/2435","targetHints":{"allow":["GET"]}}],"collection":[{"href":"https:\/\/blog.veggie-freivon.de\/index.php\/wp-json\/wp\/v2\/posts"}],"about":[{"href":"https:\/\/blog.veggie-freivon.de\/index.php\/wp-json\/wp\/v2\/types\/post"}],"author":[{"embeddable":true,"href":"https:\/\/blog.veggie-freivon.de\/index.php\/wp-json\/wp\/v2\/users\/11"}],"replies":[{"embeddable":true,"href":"https:\/\/blog.veggie-freivon.de\/index.php\/wp-json\/wp\/v2\/comments?post=2435"}],"version-history":[{"count":7,"href":"https:\/\/blog.veggie-freivon.de\/index.php\/wp-json\/wp\/v2\/posts\/2435\/revisions"}],"predecessor-version":[{"id":2599,"href":"https:\/\/blog.veggie-freivon.de\/index.php\/wp-json\/wp\/v2\/posts\/2435\/revisions\/2599"}],"wp:featuredmedia":[{"embeddable":true,"href":"https:\/\/blog.veggie-freivon.de\/index.php\/wp-json\/wp\/v2\/media\/2437"}],"wp:attachment":[{"href":"https:\/\/blog.veggie-freivon.de\/index.php\/wp-json\/wp\/v2\/media?parent=2435"}],"wp:term":[{"taxonomy":"category","embeddable":true,"href":"https:\/\/blog.veggie-freivon.de\/index.php\/wp-json\/wp\/v2\/categories?post=2435"},{"taxonomy":"post_tag","embeddable":true,"href":"https:\/\/blog.veggie-freivon.de\/index.php\/wp-json\/wp\/v2\/tags?post=2435"}],"curies":[{"name":"wp","href":"https:\/\/api.w.org\/{rel}","templated":true}]}}