{"id":248,"date":"2015-08-07T11:33:15","date_gmt":"2015-08-07T09:33:15","guid":{"rendered":"http:\/\/blog.veggie-freivon.de\/?p=248"},"modified":"2015-08-07T13:51:01","modified_gmt":"2015-08-07T11:51:01","slug":"saisonal-und-regional","status":"publish","type":"post","link":"https:\/\/blog.veggie-freivon.de\/index.php\/2015\/08\/07\/saisonal-und-regional\/","title":{"rendered":"Saisonal und regional"},"content":{"rendered":"<p style=\"text-align: left;\">Leckeres Obst und Gem\u00fcse? Kein Problem. Ab in den Supermarkt und schon strahlen Erdbeeren, Zucchini und Tomaten in der Auslage um die Wette. Zw\u00f6lf Monate, 365 Tage im Jahr. An diesen Anblick haben wir uns mittlerweile gew\u00f6hnt. Doch was m\u00f6glich und lecker ist, das ist nicht immer unbedingt klimafreundlich. Oftmals haben die Produkte einen ganz sch\u00f6n langen Weg hinter sich, bis sie in unseren Superm\u00e4rkten zu finden sind.<\/p>\n<p>Dabei ist es eigentlich ganz einfach, Obst und Gem\u00fcse aus heimatlichen Gefilden zu kaufen. Und gerade der August macht es uns die Auswahl leicht.<\/p>\n<p>Wir haben euch deshalb eine kleine Orientierungshilfe vorbereitet. Welches Obst und welche Gem\u00fcsesorten haben im Moment gerade Hochkonjunktur? Einfach herunterladen, ausdrucken, an den K\u00fchlschrank pinnen und damit spielend Inspiration f\u00fcr den n\u00e4chsten Einkauf tanken. Passende Rezepte gibt es ja auch immer wieder hier auf dem Blog&#8230;<\/p>\n<p>Viel Spa\u00df beim Einkaufen!<\/p>\n<p><a href=\"http:\/\/blog.veggie-freivon.de\/wp-content\/uploads\/2015\/08\/RZ_Veggie_A4_Kalender_August.pdf\">Download Kalenderblatt August<\/a><\/p>\n<p>&#8211; Andreas<\/p>\n","protected":false},"excerpt":{"rendered":"<p>Leckeres Obst und Gem\u00fcse? Kein Problem. Ab in den Supermarkt und schon strahlen Erdbeeren, Zucchini und Tomaten in der Auslage um die Wette. Zw\u00f6lf Monate, 365 Tage im Jahr. An diesen Anblick haben wir uns mittlerweile gew\u00f6hnt. Doch was m\u00f6glich&#8230; <a class=\"more-link\" href=\"https:\/\/blog.veggie-freivon.de\/index.php\/2015\/08\/07\/saisonal-und-regional\/\">Weiterlesen &rarr;<\/a><\/p>\n","protected":false},"author":12,"featured_media":264,"comment_status":"open","ping_status":"open","sticky":false,"template":"","format":"standard","meta":{"ngg_post_thumbnail":0,"jetpack_post_was_ever_published":false,"_jetpack_newsletter_access":"","_jetpack_dont_email_post_to_subs":false,"_jetpack_newsletter_tier_id":0,"_jetpack_memberships_contains_paywalled_content":false,"_jetpack_memberships_contains_paid_content":false,"footnotes":""},"categories":[1],"tags":[30,33,32,16,9],"class_list":["post-248","post","type-post","status-publish","format-standard","has-post-thumbnail","hentry","category-allgemein","tag-einkaufen","tag-gemuese","tag-obst","tag-vegan","tag-veggie"],"jetpack_featured_media_url":"https:\/\/blog.veggie-freivon.de\/wp-content\/uploads\/2015\/08\/August.jpg","jetpack_sharing_enabled":true,"_links":{"self":[{"href":"https:\/\/blog.veggie-freivon.de\/index.php\/wp-json\/wp\/v2\/posts\/248","targetHints":{"allow":["GET"]}}],"collection":[{"href":"https:\/\/blog.veggie-freivon.de\/index.php\/wp-json\/wp\/v2\/posts"}],"about":[{"href":"https:\/\/blog.veggie-freivon.de\/index.php\/wp-json\/wp\/v2\/types\/post"}],"author":[{"embeddable":true,"href":"https:\/\/blog.veggie-freivon.de\/index.php\/wp-json\/wp\/v2\/users\/12"}],"replies":[{"embeddable":true,"href":"https:\/\/blog.veggie-freivon.de\/index.php\/wp-json\/wp\/v2\/comments?post=248"}],"version-history":[{"count":8,"href":"https:\/\/blog.veggie-freivon.de\/index.php\/wp-json\/wp\/v2\/posts\/248\/revisions"}],"predecessor-version":[{"id":265,"href":"https:\/\/blog.veggie-freivon.de\/index.php\/wp-json\/wp\/v2\/posts\/248\/revisions\/265"}],"wp:featuredmedia":[{"embeddable":true,"href":"https:\/\/blog.veggie-freivon.de\/index.php\/wp-json\/wp\/v2\/media\/264"}],"wp:attachment":[{"href":"https:\/\/blog.veggie-freivon.de\/index.php\/wp-json\/wp\/v2\/media?parent=248"}],"wp:term":[{"taxonomy":"category","embeddable":true,"href":"https:\/\/blog.veggie-freivon.de\/index.php\/wp-json\/wp\/v2\/categories?post=248"},{"taxonomy":"post_tag","embeddable":true,"href":"https:\/\/blog.veggie-freivon.de\/index.php\/wp-json\/wp\/v2\/tags?post=248"}],"curies":[{"name":"wp","href":"https:\/\/api.w.org\/{rel}","templated":true}]}}