{"id":2672,"date":"2019-05-27T10:11:19","date_gmt":"2019-05-27T08:11:19","guid":{"rendered":"https:\/\/blog.veggie-freivon.de\/?p=2672"},"modified":"2019-06-03T09:34:33","modified_gmt":"2019-06-03T07:34:33","slug":"vegan-street-days-stuttgart","status":"publish","type":"post","link":"https:\/\/blog.veggie-freivon.de\/index.php\/2019\/05\/27\/vegan-street-days-stuttgart\/","title":{"rendered":"Deutschlands gr\u00f6\u00dftes veganes Stra\u00dfenfest: Vegan Street Days Stuttgart"},"content":{"rendered":"\n<p>Heute bringen wir euch mal eine Veranstaltungsank\u00fcndigung, die f\u00fcr alle interessant sein k\u00f6nnte, die den Weg zu alternativer Ern\u00e4hrung und Konsum bereits gefunden haben oder gerade dort hin unterwegs sind. Wer sich gerne \u00fcber veganes Leben informieren m\u00f6chte, hat am Pfingstwochenende auf den Vegan Street Days 2019 die M\u00f6glichkeit dazu. In diesem Jahr \u2013 zum zehnj\u00e4hrigen Jubil\u00e4um des Vegan Street Days \u2013 findet das Fest zum ersten Mal ganze zwei Tage statt.<\/p>\n\n\n\n<p>Neben zwei B\u00fchnen, auf denen spannende Vortr\u00e4ge zum Thema Nachhaltigkeit,\nveganem Leben und Tierwohl stattfinden, bietet Deutschlands gr\u00f6\u00dftes veganes\nStra\u00dfenfest eine gro\u00dfe Vielfalt an Info-, Verkaufs- und Essenst\u00e4nden. Ein\nbuntes Programm mit Tombola, Kuchenverkauf, veganen Start-Ups und verschiedenen\nBands auf der Showb\u00fchne ist geboten. Die letzten Jahre konnte der Vegan Street\nDay auf bis zu 100 Aussteller zur\u00fcckblicken, die auch au\u00dferhalb des Festes\nkeine Kompromisse machen und sich zu 100 Prozent einer tierethischen\nLebensweise verschreiben. <br>\nMit dem Ausstellungsbereich \u201eVegan Street Art\u201c zeigt das Festival auf moderne\nArt und Weise, wie einfach und genussvoll sich das Leben ganz ohne Tierprodukte\ngestalten l\u00e4sst und warum es wichtig ist, sich f\u00fcr die Rechte der Tiere\neinzusetzen.<\/p>\n\n\n\n<p><strong>Erstmals\nzweit\u00e4gig &#8211; die Vegan Street Days 2019<\/strong><\/p>\n\n\n\n<p>Am Samstag vor Pfingsten, dem 8. Juni, geht es um 13 Uhr los mit\nabwechslungsreichem Musik- und Showprogramm auf dem Pariser Platz sowie\nspannenden Vortr\u00e4gen auf dem Stockholmer Platz. Auch f\u00fcr die J\u00fcngsten wird auf\nder bunten Kinderinsel die ganze Zeit \u00fcber viel geboten. <\/p>\n\n\n\n<p>Ab 21 Uhr bringt euch die Band \u201eCold Storm\u201c mit Industrial-Kl\u00e4ngen in\ndie Nacht, bevor es am Sonntag von 11 bis 19 Uhr in die zweite Runde \u201eVegan\nStreet Day\u201c geht.<\/p>\n\n\n\n<p><strong>Ein Blick\nhinter die Kulissen des VSD<\/strong><\/p>\n\n\n\n<p>Wir haben uns mit Dr. Andreas Pfrengle, dem Programmverantwortlichen der\nVegan Street Days, getroffen und mit ihm \u00fcber die Entwicklung der VSD\ngesprochen.<\/p>\n\n\n\n<p><strong>V&amp;FV: Kannst\ndu dich noch an den ersten Vegan Street Day erinnern?<\/strong><\/p>\n\n\n\n<p><strong>AP:<\/strong> Das war der einzige VSD, bei dem ich als Besucher zu Gast war, bevor ich mich dem Orgateam angeschlossen habe. Damals versammelte sich ein \u00fcberschaubares Gr\u00fcppchen von wenigen hundert vegan lebenden und interessierten Menschen auf dem kleinen Platz an der Kronprinzstra\u00dfe Ecke B\u00fcchsenstra\u00dfe, um zusammen zu feiern und die Besucher \u00fcber die Vorz\u00fcge einer veganen Lebensweise zu informieren. Unter den etwa 20 Ausstellern gab es damals noch drei vegane Essensst\u00e4nde mit Fast Food und indischem Essen. Damals hie\u00df das Fest noch \u201eVeggie Street Day\u201c. Obwohl es seit der ersten Stunde konsequent vegan ausgerichtet war, wurde das erst 2013 anhand des Namens transparent. <\/p>\n\n\n\n<p><strong>V&amp;FV:\nWie w\u00fcrdest du die Entwicklung der Vegan Street Days in den letzten Jahren\nbeschreiben?<\/strong><\/p>\n\n\n\n<p><strong>AP:<\/strong> Wir sind\nnat\u00fcrlich sehr stolz darauf, dass die Vegan Street Days in diesem Jahr erstmals\n\u00fcber zwei Tage stattfinden. Das verdanken wir unserem engagierten Team, das\nfast ausschlie\u00dflich aus Ehrenamtlichen besteht, die das Event in ihrer Freizeit\norganisieren. Und nat\u00fcrlich auch einem Bewusstseinswandel in der Gesellschaft,\nohne den es die Nachfrage danach gar nicht g\u00e4be. Wenn wir bei unserem ersten\nVegan Street Day noch etwa 100 Teilnehmer waren, so sind die Besucherzahlen\njetzt auf sch\u00e4tzungsweise 10.000 angestiegen. Immer mehr Menschen erkennen die\nmangelnde Nachhaltigkeit und inh\u00e4rente Gewalt der tiernutzenden Landwirtschaft\nund sind offen f\u00fcr Alternativen.<\/p>\n\n\n\n<p>Auch die Fl\u00e4che hat sich vergr\u00f6\u00dfert. Seit letztem Jahr ist der VSD\nins Europaviertel zwischen Hauptbahnhof und Stadtbibliothek umgezogen um genug\nPlatz f\u00fcr alle Angebote, Infost\u00e4nde und Aussteller zu haben. Auch das\nkulinarische Angebot ist deutlich vielseitiger geworden.<\/p>\n\n\n\n<p><strong>V&amp;FV:\nWarum ist der VSD auch heute noch so wichtig, wenn die Gesellschaft doch eigentlich\nschon ein Umdenken geschafft hat?<\/strong><\/p>\n\n\n\n<p><strong>AP:<\/strong> Obwohl sich in den letzten Jahren viel getan hat, finden sich in vielen K\u00f6pfen noch immer Vorstellungen einer idyllischen und \u201eartgerechten\u201c Landwirtschaft, in der Tiere fair behandelt werden \u2013 vegetarisch ist dann auch okay, und der Kauf von Biofleisch mit Tierwohllabel beruhigt gerne das Gewissen. Hier ist leider die Kluft zwischen Wahrnehmung und Wirklichkeit oft gro\u00df. Wenn man sich bewusst macht, dass Tiere nicht viel anders f\u00fchlen als wir und \u00e4hnliche Grundbed\u00fcrfnisse nach Leben, k\u00f6rperlicher Unversehrtheit und Freiheit haben, d\u00fcrfte sehr schnell klar werden, weshalb auch wohlwollende Landwirte keinen Ausweg bieten k\u00f6nnen, solange sie Tiere nutzen und bereits in jungen Jahren t\u00f6ten \u2013 nicht umsonst haben wir f\u00fcr das Fest den Slogan \u201eAus Freude am Leben\u201c gew\u00e4hlt.<\/p>\n\n\n\n<p><strong>V&amp;FV: Was kann jeder einzelne tun, wenn er auf dem VSD einen Ansto\u00df zum Umdenken erhalten hat oder schon vegan lebt?<\/strong><\/p>\n\n\n\n<p><strong>AP:<\/strong> Veganismus\nsoll nicht nur ein \u201eTrend\u201c sein, sondern ein langfristiges Umdenken in unserem\nAlltag und unserem Leben. F\u00fcr alle, die schon vegan leben und sich fragen, was\nnun der n\u00e4chste Schritt ist: Warum nicht statt \u201epassiv vegan\u201c einfach \u201eaktiv\nvegan\u201c leben? Der dritte Stuttgarter Tierrechtstag findet am Pfingstmontag von\n11 bis 16 Uhr im Alten Feuerwehrhaus in der N\u00e4he des Erwin-Sch\u00f6ttle-Platz\nstatt. Wer also einen Einstieg in den Tierrechts-Aktivismus sucht, sich\nweiterbilden oder Kontakte kn\u00fcpfen m\u00f6chte, ist hier herzlich willkommen.<\/p>\n\n\n\n<p>Wir bedanken uns bei Dr. Andreas Pfrengle f\u00fcr seine Zeit und das nette\nInterview.<\/p>\n\n\n\n<p>Falls ihr auf die Vegan Street Days gehen wollt, findet ihr das detaillierte Programm zeitnah auf der Website des Vegan Street Day unter http:\/\/vegan-street-day.de\/vsd\/stuttgart\/, sowie auf Facebook in der Veranstaltung \u201eVegan Street Days Stuttgart 2019\u201c.<\/p>\n\n\n\n<p>Das Organisatoren-Team der Vegan Street Days k\u00f6nnt ihr auf der Veggie auch pers\u00f6nlich kennenlernen. Die Tierrechtsgruppe Animal Rights Watch e.V. (ARIWA) wird im Herbst bei uns vor Ort sein und euch in der Jacques Lanners Halle (Halle 3) an Stand 3F34 gerne weitere Infos zu den Vegan Street Days und ihrem Einsatz f\u00fcr die Gleichberechtigung von Tieren geben.<\/p>\n","protected":false},"excerpt":{"rendered":"<p>Heute bringen wir euch mal eine Veranstaltungsank\u00fcndigung, die f\u00fcr alle interessant sein k\u00f6nnte, die den Weg zu alternativer Ern\u00e4hrung und Konsum bereits gefunden haben oder gerade dort hin unterwegs sind. Wer sich gerne \u00fcber veganes Leben informieren m\u00f6chte, hat am&#8230; <a class=\"more-link\" href=\"https:\/\/blog.veggie-freivon.de\/index.php\/2019\/05\/27\/vegan-street-days-stuttgart\/\">Weiterlesen &rarr;<\/a><\/p>\n","protected":false},"author":16,"featured_media":2677,"comment_status":"open","ping_status":"open","sticky":false,"template":"","format":"standard","meta":{"ngg_post_thumbnail":0,"jetpack_post_was_ever_published":false,"_jetpack_newsletter_access":"","_jetpack_dont_email_post_to_subs":false,"_jetpack_newsletter_tier_id":0,"_jetpack_memberships_contains_paywalled_content":false,"_jetpack_memberships_contains_paid_content":false,"footnotes":""},"categories":[1],"tags":[326,89,16,324,331,327,325,328,330,329],"class_list":["post-2672","post","type-post","status-publish","format-standard","has-post-thumbnail","hentry","category-allgemein","tag-strassenfest","tag-stuttgart","tag-vegan","tag-vegan-street-day","tag-vegan-street-day-2019","tag-vegan-stuttgart","tag-veganes-strassenfest","tag-vsd","tag-vsd-2019","tag-vsd-stuttgart"],"jetpack_featured_media_url":"https:\/\/blog.veggie-freivon.de\/wp-content\/uploads\/2019\/05\/vegane-H\u00e4ppchen-e1558617008132.jpg","jetpack_sharing_enabled":true,"_links":{"self":[{"href":"https:\/\/blog.veggie-freivon.de\/index.php\/wp-json\/wp\/v2\/posts\/2672","targetHints":{"allow":["GET"]}}],"collection":[{"href":"https:\/\/blog.veggie-freivon.de\/index.php\/wp-json\/wp\/v2\/posts"}],"about":[{"href":"https:\/\/blog.veggie-freivon.de\/index.php\/wp-json\/wp\/v2\/types\/post"}],"author":[{"embeddable":true,"href":"https:\/\/blog.veggie-freivon.de\/index.php\/wp-json\/wp\/v2\/users\/16"}],"replies":[{"embeddable":true,"href":"https:\/\/blog.veggie-freivon.de\/index.php\/wp-json\/wp\/v2\/comments?post=2672"}],"version-history":[{"count":5,"href":"https:\/\/blog.veggie-freivon.de\/index.php\/wp-json\/wp\/v2\/posts\/2672\/revisions"}],"predecessor-version":[{"id":2701,"href":"https:\/\/blog.veggie-freivon.de\/index.php\/wp-json\/wp\/v2\/posts\/2672\/revisions\/2701"}],"wp:featuredmedia":[{"embeddable":true,"href":"https:\/\/blog.veggie-freivon.de\/index.php\/wp-json\/wp\/v2\/media\/2677"}],"wp:attachment":[{"href":"https:\/\/blog.veggie-freivon.de\/index.php\/wp-json\/wp\/v2\/media?parent=2672"}],"wp:term":[{"taxonomy":"category","embeddable":true,"href":"https:\/\/blog.veggie-freivon.de\/index.php\/wp-json\/wp\/v2\/categories?post=2672"},{"taxonomy":"post_tag","embeddable":true,"href":"https:\/\/blog.veggie-freivon.de\/index.php\/wp-json\/wp\/v2\/tags?post=2672"}],"curies":[{"name":"wp","href":"https:\/\/api.w.org\/{rel}","templated":true}]}}