{"id":2918,"date":"2019-11-25T09:00:07","date_gmt":"2019-11-25T08:00:07","guid":{"rendered":"https:\/\/blog.veggie-freivon.de\/?p=2918"},"modified":"2019-11-15T09:28:14","modified_gmt":"2019-11-15T08:28:14","slug":"weihnachtliche-vorfreuden-hafer-vanille-kipferl","status":"publish","type":"post","link":"https:\/\/blog.veggie-freivon.de\/index.php\/2019\/11\/25\/weihnachtliche-vorfreuden-hafer-vanille-kipferl\/","title":{"rendered":"Weihnachtliche Vorfreuden: Hafer-Vanille-Kipferl"},"content":{"rendered":"\n<p>Kennt ihr das auch? Die Vorweihnachtsfreude schl\u00e4gt unverhofft schon im November zu? F\u00fcr alle, die es nicht abwarten k\u00f6nnen bis der k\u00f6stliche Duft von frisch gebackenen Weihnachtspl\u00e4tzchen wieder durch die Wohnung str\u00f6mt: Unsere Hafer-Vanille-Kipferl bringen so manches Herz zum Schmelzen. Dieses Rezept startet absolut glutenfrei in die Weihnachtszeit und besticht durch seine einzigartige Zutatenkombination. Mit Hafer- und Kokosmehl, Kokosbl\u00fctenzucker und Tonkabohne k\u00f6nnt ihr euren Familien- und Freundeskreis beeindrucken. Los geht\u2019s mit der Weihnachtsb\u00e4ckerei!<\/p>\n\n\n\n<p><strong>Zutaten f\u00fcr\nca. 40 St\u00fcck<\/strong><\/p>\n\n\n\n<p>100 g Seitz glutenfrei Hafer Mehl<\/p>\n\n\n\n<p>70 g Seitz glutenfrei Kokos Mehl<\/p>\n\n\n\n<p>25 g Seitz glutenfrei S\u00fc\u00dfkartoffel Mehl<\/p>\n\n\n\n<p>75 g Maisst\u00e4rke<\/p>\n\n\n\n<p>\u00bd TL Flohsamenschalen, gemahlen<\/p>\n\n\n\n<p>10 g Pfeilwurzelst\u00e4rke<\/p>\n\n\n\n<p>80 g Kokosbl\u00fctenzucker<\/p>\n\n\n\n<p>2 Msp. Tonkabohne, gemahlen<\/p>\n\n\n\n<p>1 Prise Salz<\/p>\n\n\n\n<p>250 g Butter, weich<\/p>\n\n\n\n<p>etwas Puderzucker zum Best\u00e4uben<\/p>\n\n\n\n<p><strong>Zubereitung\n<\/strong><\/p>\n\n\n\n<p>Alle trockenen Zutaten gr\u00fcndlich mischen. Butter zugeben und\nmit den H\u00e4nden zu einem homogenen Teig kneten. In Frischhaltefolie gewickelt\nbestm\u00f6glich f\u00fcr 2 Stunden kaltstellen.<\/p>\n\n\n\n<p>Nach der K\u00fchlzeit: Jeweils 1 TL Teig in den H\u00e4nden kurz kneten, zu Kipferl formen und auf ein, mit Backpapier ausgelegtes, Backblech legen. Anschlie\u00dfend werden die Kipferl wieder f\u00fcr ca. 15 Min. kaltgestellt.<\/p>\n\n\n\n<p>W\u00e4hrenddessen den Backofen auf 180 \u00b0C Ober-\/Unterhitze (160\n\u00b0C Umluft) vorheizen.<\/p>\n\n\n\n<p>Die Kipferl f\u00fcr ca. 12 Min. backen, bis die Spitzen beginnen goldbraun zu werden. Vor dem Best\u00e4uben mit Puderzucker komplett ausk\u00fchlen lassen (Achtung: hei\u00dfe Kipferl sind sehr br\u00f6selig und zerbrechen leicht!).<\/p>\n\n\n\n<p><strong>Hafer der Allesk\u00f6nner \u2013 Immer glutenfrei?<\/strong><\/p>\n\n\n\n<p>Aber ist Hafer immer\nglutenfrei? Prinzipiell unterscheidet sich die Eiwei\u00dfstruktur des Hafers von\nder, der anderen Brotgetreide. Der bei Z\u00f6liakie sch\u00e4digende Teil des Glutens,\ndas Gliadin, ist im Hafer nicht enthalten, sodass dieser prinzipiell per se\nglutenfrei ist. Dennoch wird Hafer normalerweise unter den glutenhaltigen\nLebensmittel aufgef\u00fchrt, weil es bei der herk\u00f6mmlichen Verarbeitung \u00f6fter zu\n\u201eVermischungen\u201c mit glutenhaltigen Getreiden kommt.<\/p>\n\n\n\n<p>Glutenfreier Hafer entsteht durch den kontrollierten Einsatz von reinem Saatgut, die Aussaat auf ausgew\u00e4hlten Feldern sowie durch sorgf\u00e4ltige Reinigung aller Anlagen. Z\u00f6liakie-Betroffene k\u00f6nnen ihre Ern\u00e4hrung mit glutenfreien Haferprodukten somit optimal erg\u00e4nzen. <\/p>\n\n\n\n<p>Vor allem\nseine Inhaltsstoffe \u00fcberzeugen: Hafer macht nicht nur wunderbar satt, sondern\nenth\u00e4lt mehr hochwertiges Fett und biologisch wertvolles Eiwei\u00df als andere\nGetreidearten. Auch mit Ballaststoffen sowie vielen wichtigen Mineralstoffen\nwie Eisen, Magnesium, Zink und reichlich B-Vitamine kann er gl\u00e4nzen.<\/p>\n\n\n\n<p>Die\nVerwendung von Hafer ist nicht nur f\u00fcr die \u201efrei von\u201c K\u00fcche interessant,\nsondern f\u00fcr jeden, der auf Abwechslung in der K\u00fcche oder der Weihnachtsb\u00e4ckerei\nsetzt.<\/p>\n\n\n\n<p>Viele weitere fabelhafte Rezepte mit unseren Haferprodukten findet ihr unter <a href=\"http:\/\/www.rezepte.seitz-glutenfrei.de\">www.rezepte.seitz-glutenfrei.de<\/a>. <\/p>\n","protected":false},"excerpt":{"rendered":"<p>Kennt ihr das auch? Die Vorweihnachtsfreude schl\u00e4gt unverhofft schon im November zu? F\u00fcr alle, die es nicht abwarten k\u00f6nnen bis der k\u00f6stliche Duft von frisch gebackenen Weihnachtspl\u00e4tzchen wieder durch die Wohnung str\u00f6mt: Unsere Hafer-Vanille-Kipferl bringen so manches Herz zum Schmelzen&#8230;. <a class=\"more-link\" href=\"https:\/\/blog.veggie-freivon.de\/index.php\/2019\/11\/25\/weihnachtliche-vorfreuden-hafer-vanille-kipferl\/\">Weiterlesen &rarr;<\/a><\/p>\n","protected":false},"author":11,"featured_media":2919,"comment_status":"open","ping_status":"open","sticky":false,"template":"","format":"standard","meta":{"ngg_post_thumbnail":0,"jetpack_post_was_ever_published":false,"_jetpack_newsletter_access":"","_jetpack_dont_email_post_to_subs":false,"_jetpack_newsletter_tier_id":0,"_jetpack_memberships_contains_paywalled_content":false,"_jetpack_memberships_contains_paid_content":false,"footnotes":""},"categories":[4],"tags":[250,21,149,38,64,193],"class_list":["post-2918","post","type-post","status-publish","format-standard","has-post-thumbnail","hentry","category-rezepte","tag-alb-gold","tag-rezept","tag-seitz-glutenfrei","tag-veggie-frei-von","tag-weihnachten","tag-weihnachtsbaeckerei"],"jetpack_featured_media_url":"https:\/\/blog.veggie-freivon.de\/wp-content\/uploads\/2019\/11\/SG_Kokos_Mehl_Kipferl_OS.jpg","jetpack_sharing_enabled":true,"_links":{"self":[{"href":"https:\/\/blog.veggie-freivon.de\/index.php\/wp-json\/wp\/v2\/posts\/2918","targetHints":{"allow":["GET"]}}],"collection":[{"href":"https:\/\/blog.veggie-freivon.de\/index.php\/wp-json\/wp\/v2\/posts"}],"about":[{"href":"https:\/\/blog.veggie-freivon.de\/index.php\/wp-json\/wp\/v2\/types\/post"}],"author":[{"embeddable":true,"href":"https:\/\/blog.veggie-freivon.de\/index.php\/wp-json\/wp\/v2\/users\/11"}],"replies":[{"embeddable":true,"href":"https:\/\/blog.veggie-freivon.de\/index.php\/wp-json\/wp\/v2\/comments?post=2918"}],"version-history":[{"count":5,"href":"https:\/\/blog.veggie-freivon.de\/index.php\/wp-json\/wp\/v2\/posts\/2918\/revisions"}],"predecessor-version":[{"id":2930,"href":"https:\/\/blog.veggie-freivon.de\/index.php\/wp-json\/wp\/v2\/posts\/2918\/revisions\/2930"}],"wp:featuredmedia":[{"embeddable":true,"href":"https:\/\/blog.veggie-freivon.de\/index.php\/wp-json\/wp\/v2\/media\/2919"}],"wp:attachment":[{"href":"https:\/\/blog.veggie-freivon.de\/index.php\/wp-json\/wp\/v2\/media?parent=2918"}],"wp:term":[{"taxonomy":"category","embeddable":true,"href":"https:\/\/blog.veggie-freivon.de\/index.php\/wp-json\/wp\/v2\/categories?post=2918"},{"taxonomy":"post_tag","embeddable":true,"href":"https:\/\/blog.veggie-freivon.de\/index.php\/wp-json\/wp\/v2\/tags?post=2918"}],"curies":[{"name":"wp","href":"https:\/\/api.w.org\/{rel}","templated":true}]}}