{"id":292,"date":"2015-09-02T18:47:23","date_gmt":"2015-09-02T16:47:23","guid":{"rendered":"http:\/\/blog.veggie-freivon.de\/?p=292"},"modified":"2015-09-02T18:47:23","modified_gmt":"2015-09-02T16:47:23","slug":"jetzt-gehts-ans-eingemachte","status":"publish","type":"post","link":"https:\/\/blog.veggie-freivon.de\/index.php\/2015\/09\/02\/jetzt-gehts-ans-eingemachte\/","title":{"rendered":"Jetzt geht&#8217;s ans Eingemachte"},"content":{"rendered":"<p>Seit dieser Woche ist es offiziell: Der Sommer ist vorbei, der Herbst hat meteorologisch begonnen. Das hei\u00dft auch: Die Zeit von frischem Obst und Gem\u00fcse in H\u00fclle und F\u00fclle neigt sich\u00a0langsam dem Ende entgegen.<\/p>\n<p>Wer den Sommer kulinarisch noch l\u00e4nger genie\u00dfen m\u00f6chte, der muss jetzt zur Tat schreiten: Gl\u00e4ser sp\u00fclen und die letzten Beeren und Fr\u00fcchte einfach einkochen.<\/p>\n<p>Hier ist das Team der veggie &amp; frei von nat\u00fcrlich gerne behilflich. Ok, nicht unbedingt pers\u00f6nlich in Eurer K\u00fcche. Aber wir haben f\u00fcr Euch ein paar sch\u00f6ne Etiketten entworfen. Einfach auf den Link unten klicken, Etiketten downloaden, ausdrucken und damit die Einmachgl\u00e4ser beschriften. Deren Inhalt soll n\u00e4mlich nicht nur gut schmecken, die Gl\u00e4ser sollen nat\u00fcrlich auch richtig gut aussehen!<\/p>\n<p>\u00dcbrigens: Beim Einkochen k\u00f6nnen wir zwar nicht helfen \u2013 beim Verzehr aber nat\u00fcrlich immer gerne. Solltet ihr also gef\u00fcllte Gl\u00e4ser \u00fcbrig haben und keinen Abnehmer finden: Wir freuen uns immer \u00fcber Essens-Post. Einfach an die Messe Stuttgart, Messepiazza 1, 70629 Stuttgart schicken&#8230; \ud83d\ude42<\/p>\n<p><a href=\"http:\/\/www.messe-stuttgart.de\/veggie\/fuer-besucher\/schoene-downloads\/\" target=\"_blank\">Hier geht&#8217;s zum Download.<\/a><\/p>\n","protected":false},"excerpt":{"rendered":"<p>Seit dieser Woche ist es offiziell: Der Sommer ist vorbei, der Herbst hat meteorologisch begonnen. Das hei\u00dft auch: Die Zeit von frischem Obst und Gem\u00fcse in H\u00fclle und F\u00fclle neigt sich\u00a0langsam dem Ende entgegen. Wer den Sommer kulinarisch noch l\u00e4nger&#8230; <a class=\"more-link\" href=\"https:\/\/blog.veggie-freivon.de\/index.php\/2015\/09\/02\/jetzt-gehts-ans-eingemachte\/\">Weiterlesen &rarr;<\/a><\/p>\n","protected":false},"author":12,"featured_media":293,"comment_status":"open","ping_status":"open","sticky":false,"template":"","format":"standard","meta":{"ngg_post_thumbnail":0,"jetpack_post_was_ever_published":false,"_jetpack_newsletter_access":"","_jetpack_dont_email_post_to_subs":false,"_jetpack_newsletter_tier_id":0,"_jetpack_memberships_contains_paywalled_content":false,"_jetpack_memberships_contains_paid_content":false,"footnotes":""},"categories":[1],"tags":[30,33,34,32],"class_list":["post-292","post","type-post","status-publish","format-standard","has-post-thumbnail","hentry","category-allgemein","tag-einkaufen","tag-gemuese","tag-kochen","tag-obst"],"jetpack_featured_media_url":"https:\/\/blog.veggie-freivon.de\/wp-content\/uploads\/2015\/09\/veggie_etiketten_b.jpg","jetpack_sharing_enabled":true,"_links":{"self":[{"href":"https:\/\/blog.veggie-freivon.de\/index.php\/wp-json\/wp\/v2\/posts\/292","targetHints":{"allow":["GET"]}}],"collection":[{"href":"https:\/\/blog.veggie-freivon.de\/index.php\/wp-json\/wp\/v2\/posts"}],"about":[{"href":"https:\/\/blog.veggie-freivon.de\/index.php\/wp-json\/wp\/v2\/types\/post"}],"author":[{"embeddable":true,"href":"https:\/\/blog.veggie-freivon.de\/index.php\/wp-json\/wp\/v2\/users\/12"}],"replies":[{"embeddable":true,"href":"https:\/\/blog.veggie-freivon.de\/index.php\/wp-json\/wp\/v2\/comments?post=292"}],"version-history":[{"count":1,"href":"https:\/\/blog.veggie-freivon.de\/index.php\/wp-json\/wp\/v2\/posts\/292\/revisions"}],"predecessor-version":[{"id":294,"href":"https:\/\/blog.veggie-freivon.de\/index.php\/wp-json\/wp\/v2\/posts\/292\/revisions\/294"}],"wp:featuredmedia":[{"embeddable":true,"href":"https:\/\/blog.veggie-freivon.de\/index.php\/wp-json\/wp\/v2\/media\/293"}],"wp:attachment":[{"href":"https:\/\/blog.veggie-freivon.de\/index.php\/wp-json\/wp\/v2\/media?parent=292"}],"wp:term":[{"taxonomy":"category","embeddable":true,"href":"https:\/\/blog.veggie-freivon.de\/index.php\/wp-json\/wp\/v2\/categories?post=292"},{"taxonomy":"post_tag","embeddable":true,"href":"https:\/\/blog.veggie-freivon.de\/index.php\/wp-json\/wp\/v2\/tags?post=292"}],"curies":[{"name":"wp","href":"https:\/\/api.w.org\/{rel}","templated":true}]}}