{"id":973,"date":"2016-06-16T13:15:47","date_gmt":"2016-06-16T11:15:47","guid":{"rendered":"http:\/\/blog.veggie-freivon.de\/?p=973"},"modified":"2016-06-16T16:16:58","modified_gmt":"2016-06-16T14:16:58","slug":"vorhang-auf-unsere-kochshow-kandidaten-fuer-die-veggie-frei-von","status":"publish","type":"post","link":"https:\/\/blog.veggie-freivon.de\/index.php\/2016\/06\/16\/vorhang-auf-unsere-kochshow-kandidaten-fuer-die-veggie-frei-von\/","title":{"rendered":"Vorhang auf: Unsere Kochshow-Kandidaten f\u00fcr die veggie &#038; frei von!"},"content":{"rendered":"<p style=\"text-align: justify;\">Vor zwei Wochen haben wir <a href=\"http:\/\/blog.veggie-freivon.de\/index.php\/2016\/05\/30\/foodblogger-gesucht-aus-dem-netz-auf-die-grosse-buehne\/\">Foodblogger dazu aufgerufen<\/a>, sich f\u00fcr unsere Showb\u00fchne auf der veggie &amp; frei von 2016 mit einem eigenen Rezept zu bewerben. Uns haben\u00a0tolle K\u00f6stlichkeiten erreicht, vielen Dank f\u00fcr die Zusendung der Bewerbungen!<strong> Jetzt seid ihr dran:<\/strong> Unter dem Beitrag k\u00f6nnt ihr abstimmen, wen ihr auf der Messe im Herbst live erleben wollt. Hier stellen wir euch die Kandidaten kurz vor:<\/p>\n<hr \/>\n<p><strong>Kerstin<\/strong><\/p>\n<div id=\"attachment_974\" style=\"width: 310px\" class=\"wp-caption aligncenter\"><a href=\"http:\/\/blog.veggie-freivon.de\/wp-content\/uploads\/2016\/06\/image2.jpg\"><img loading=\"lazy\" decoding=\"async\" aria-describedby=\"caption-attachment-974\" class=\"size-medium wp-image-974\" src=\"http:\/\/blog.veggie-freivon.de\/wp-content\/uploads\/2016\/06\/image2-300x300.jpg\" alt=\"Kerstin von www.landherzen.de\" width=\"300\" height=\"300\" srcset=\"https:\/\/blog.veggie-freivon.de\/wp-content\/uploads\/2016\/06\/image2-300x300.jpg 300w, https:\/\/blog.veggie-freivon.de\/wp-content\/uploads\/2016\/06\/image2-150x150.jpg 150w, https:\/\/blog.veggie-freivon.de\/wp-content\/uploads\/2016\/06\/image2.jpg 500w\" sizes=\"auto, (max-width: 300px) 100vw, 300px\" \/><\/a><p id=\"caption-attachment-974\" class=\"wp-caption-text\">Kerstin von www.landherzen.de<\/p><\/div>\n<p style=\"text-align: justify;\">Kerstin kommt aus Erding und bloggt seit einem Jahr auf <a href=\"http:\/\/www.landherzen.de\/\">www.landherzen.de<\/a>. Dort stellt sie ihre\u00a0Lieblingsrezepte vor und zeigt, dass man auch glutenfrei schlemmen und reisen kann. Seit\u00a0ihrer\u00a0Diagnose Z\u00f6liakie ern\u00e4hrt sie sich glutenfrei und m\u00f6chte ihr\u00a0Wissen gerne weiter geben und daf\u00fcr sorgen, dass in Deutschland das Thema &#8222;Glutenfrei&#8220; noch aktueller wird.<\/p>\n<p style=\"text-align: justify;\">Auf der Seitz Glutenfrei B\u00fchne m\u00f6chte sie ihr Rezept f\u00fcr selbstgemachte glutenfreie und vegetarische Schupfnudeln\u00a0pr\u00e4sentieren. Die gibt es bisher nicht als Fertiggericht zu kaufen. Dass man Schupfnudeln aber wunderbar selbst zubereiten kann und dass sie auch glutenfrei wunderbar schmecken, davon will Kerstin die Messebesucher der veggie &amp; frei von \u00fcberzeugen!<\/p>\n<p><strong>Mathias<\/strong><\/p>\n<div id=\"attachment_975\" style=\"width: 310px\" class=\"wp-caption aligncenter\"><a href=\"http:\/\/blog.veggie-freivon.de\/wp-content\/uploads\/2016\/06\/portrait-1024x768-e1465811166446.jpg\"><img loading=\"lazy\" decoding=\"async\" aria-describedby=\"caption-attachment-975\" class=\"size-medium wp-image-975\" src=\"http:\/\/blog.veggie-freivon.de\/wp-content\/uploads\/2016\/06\/portrait-1024x768-e1465811166446-300x278.jpg\" alt=\"Mathias von grandgourmand.de\" width=\"300\" height=\"278\" srcset=\"https:\/\/blog.veggie-freivon.de\/wp-content\/uploads\/2016\/06\/portrait-1024x768-e1465811166446-300x278.jpg 300w, https:\/\/blog.veggie-freivon.de\/wp-content\/uploads\/2016\/06\/portrait-1024x768-e1465811166446-768x711.jpg 768w, https:\/\/blog.veggie-freivon.de\/wp-content\/uploads\/2016\/06\/portrait-1024x768-e1465811166446-600x556.jpg 600w, https:\/\/blog.veggie-freivon.de\/wp-content\/uploads\/2016\/06\/portrait-1024x768-e1465811166446.jpg 826w\" sizes=\"auto, (max-width: 300px) 100vw, 300px\" \/><\/a><p id=\"caption-attachment-975\" class=\"wp-caption-text\">Mathias von grandgourmand.de<\/p><\/div>\n<p style=\"text-align: justify;\">Mathias bezeichnet sich selbst als Vielfra\u00df und Feinschmecker. Er bloggt auf <a href=\"http:\/\/www.grandgourmand.de\">www.grandgourmand.de<\/a> \u00fcber leckere Rezepte und rezensiert Kochb\u00fccher und Restaurants.<\/p>\n<p style=\"text-align: justify;\">F\u00fcr die Kochshow hat er sich ein ganzes Men\u00fc ausgedacht. Er will den Klassiker Ratatouille neu interpretieren, und zwar vegan:\u00a0Schicht-Ratatouille mit rauchigem Tomaten-Sugo, dazu Chips und ger\u00f6stete Mandeln mit Zitronenmark und Rosmarin-Gel. Mathias beschreibt das als Cross-Over-Kreation mit orientalischen Zitaten. Das h\u00f6rt sich spannend an!<\/p>\n<p><strong>Adaeze<\/strong><\/p>\n<div id=\"attachment_976\" style=\"width: 232px\" class=\"wp-caption aligncenter\"><a href=\"http:\/\/blog.veggie-freivon.de\/wp-content\/uploads\/2016\/06\/Portrait_AdaezeWolf-e1465804636446.jpg\"><img loading=\"lazy\" decoding=\"async\" aria-describedby=\"caption-attachment-976\" class=\" wp-image-976\" src=\"http:\/\/blog.veggie-freivon.de\/wp-content\/uploads\/2016\/06\/Portrait_AdaezeWolf-e1465804636446-208x300.jpg\" alt=\"Adaeze von www.naturallygood.de\" width=\"222\" height=\"320\" srcset=\"https:\/\/blog.veggie-freivon.de\/wp-content\/uploads\/2016\/06\/Portrait_AdaezeWolf-e1465804636446-208x300.jpg 208w, https:\/\/blog.veggie-freivon.de\/wp-content\/uploads\/2016\/06\/Portrait_AdaezeWolf-e1465804636446.jpg 512w\" sizes=\"auto, (max-width: 222px) 100vw, 222px\" \/><\/a><p id=\"caption-attachment-976\" class=\"wp-caption-text\">Adaeze von www.naturallygood.de<\/p><\/div>\n<p style=\"text-align: justify;\">Adaeze kommt aus Heidelberg und hat sich im letzten Jahr zur ganzheitlichen\u00a0Ern\u00e4hrungsberaterin weitergebildet. Auf ihrem\u00a0Healthy-Lifestyle-Blog\u00a0<a href=\"http:\/\/www.naturallygood.de\">www.naturallygood.de<\/a>\u00a0schreibt sie \u00fcber die Themen Ern\u00e4hrung, Sport, Gesundheit und Anti-Aging. Au\u00dferdem beantwortet sie Fragen zu den Themen Clean Food und Clean Eating und wie ein gesundes und aktives Leben in den Alltag integriert werden kann.<\/p>\n<p style=\"text-align: justify;\">F\u00fcr\u00a0ihren Auftritt bei der\u00a0veggie &amp; frei von\u00a0hat sie sich ein Rezept f\u00fcr\u00a0Rote Beete\u00a0Veggie-Burger mit selbst gemachtem Mango-Chutney ausgesucht. Da l\u00e4uft uns jetzt schon das Wasser im Mund zusammen&#8230;<\/p>\n<p><strong>Fabienne<\/strong><\/p>\n<div id=\"attachment_977\" style=\"width: 235px\" class=\"wp-caption aligncenter\"><a href=\"http:\/\/blog.veggie-freivon.de\/wp-content\/uploads\/2016\/06\/Profilbild-e1465811068523.jpg\"><img loading=\"lazy\" decoding=\"async\" aria-describedby=\"caption-attachment-977\" class=\"size-medium wp-image-977\" src=\"http:\/\/blog.veggie-freivon.de\/wp-content\/uploads\/2016\/06\/Profilbild-225x300.jpg\" alt=\"Fabienne von www.freiknuspern.de\" width=\"225\" height=\"300\" \/><\/a><p id=\"caption-attachment-977\" class=\"wp-caption-text\">Fabienne von www.freiknuspern.de<\/p><\/div>\n<p style=\"text-align: justify;\">Fabienne bloggt auf <a href=\"http:\/\/www.freiknuspern.de\">www.freiknuspern.de<\/a>\u00a0\u00fcber das Leben mit Allergien und Unvertr\u00e4glichkeiten. Sie entwickelt leckere Back- und Kochrezepte, die \u201efrei von\u201c sind, gibt\u00a0Tipps im Umgang mit Allergien und freut sich \u00fcber den Austausch mit anderen Betroffenen. Eine\u00a0\u201efrei von\u201c-Ern\u00e4hrung bedeutet f\u00fcr sie keinesfalls, auf liebgewonnene Speisen zu verzichten. Auf\u00a0positive Art und Weise will sie die Vielfalt und die kulinarischen M\u00f6glichkeiten aufweisen, die solch eine Ern\u00e4hrung mit sich bringt.<\/p>\n<p style=\"text-align: justify;\">Auf der veggie &amp; frei von m\u00f6chte sie ihr\u00a0selbstgemachtes Nutella herstellen und daraus eine \u201eNutella-Pizza\u201c backen.\u00a0Die Nutella-Pizza ist glutenfrei, hefefrei, zuckerfrei, vegan, sojafrei und hat eine fructosearme Variante.\u00a0Die Pizza wird mit einer Creme bestrichen und kann mit Fr\u00fcchten nach\u00a0Wahl oder anderen Toppings belegt werden. Das wollen wir auf jeden Fall mal probieren!<\/p>\n<hr \/>\n<p style=\"text-align: justify;\">Bis <strong>3. Juli um 23.59 Uhr<\/strong> k\u00f6nnt ihr hier f\u00fcr den Foodblogger abstimmen, den ihr am 19. November um 10.30 Uhr auf unserer Seitz Glutenfrei B\u00fchne sehen wollt. Den Gewinner geben wir dann am 3. Juli bekannt!<\/p>\n<div class='bootstrap-yop yop-poll-mc'>\n\t\t\t\t\t\t\t<div class=\"basic-yop-poll-container\" style=\"background-color:#3F8B43; border:0px; border-style:solid; border-color:#3F8B43; border-radius:0px; padding:px px;\" data-id=\"4\" data-temp=\"basic\" data-skin=\"minimal\" data-cscheme=\"black\" data-cap=\"0\" data-access=\"guest,wordpress\" data-tid=\"\" data-uid=\"dc569fa4e7fa7a2a4bea78a678d29356\" data-pid=\"973\" data-resdet=\"votes-number,percentages\" data-show-results-to=\"guest,registered\" data-show-results-moment=\"before-vote,after-vote\" data-show-results-only=\"true\" data-show-message=\"true\" data-show-results-as=\"bar\" data-sort-results-by=\"as-defined\" data-sort-results-rule=\"asc\"data-is-ended=\"1\" data-gdpr=\"no\" data-gdpr-sol=\"consent\" data-css=\"\" data-counter=\"0\" data-load-with=\"1\" data-notification-section=\"top\"><div class=\"row\"><div class=\"col-md-12\"><div class=\"basic-inner\"><div class=\"basic-message \" style=\"border-left: px solid ; padding: px 10px;\" data-error=\"\" data-success=\"\"><p class=\"basic-message-text\" style=\"color:#FF0000; font-size:smallpx; font-weight:;\">This poll is no longer accepting votes<\/p><\/div><div class=\"basic-overlay hide\"><div class=\"basic-vote-options\"><div class=\"basic-anonymous\"><button type=\"button\" class=\"btn btn-default\">Anonymous Vote<\/button><\/div><div class=\"basic-wordpress\"><button type=\"button\" class=\"btn btn-default basic-wordpress-button\">Sign in with Wordpress<\/button><\/div><\/div><div class=\"basic-preloader\"><div class=\"basic-windows8\"><div class=\"basic-wBall basic-wBall_1\"><div class=\"basic-wInnerBall\"><\/div><\/div><div class=\"basic-wBall basic-wBall_2\"><div class=\"basic-wInnerBall\"><\/div><\/div><div class=\"basic-wBall basic-wBall_3\"><div class=\"basic-wInnerBall\"><\/div><\/div><div class=\"basic-wBall basic-wBall_4\"><div class=\"basic-wInnerBall\"><\/div><\/div><div class=\"basic-wBall basic-wBall_5\"><div class=\"basic-wInnerBall\"><\/div><\/div><\/div><\/div><\/div><form class=\"basic-form\"><input type=\"hidden\" name=\"_token\" value=\"9913253c4e\" autocomplete=\"off\"><div class=\"basic-elements\"><div class=\"basic-element basic-question basic-question-text-vertical\" data-id=\"4\" data-uid=\"d32df94a2e0f203275c963178c82f9aa\" data-type=\"question\" data-question-type=\"text\" data-allow-multiple=\"no\" data-min=\"1\" data-max=\"3\" data-display=\"vertical\" data-colnum=\"2\" data-display-others=\"no\" data-others-color=\"\" data-others=\"\"><div role=\"heading\" aria-level=\"5\" class=\"basic-question-title\" style=\"color:#fff; font-size:smallpx; font-weight:; text-align:;\">Welchen Foodblogger m\u00f6chtet ihr auf der veggie &amp; frei von am 19. November 2016 live erleben?<\/div><ul class=\"basic-answers\"><li class=\"basic-answer\" style=\"padding:px px;\" data-id=\"17\" data-type=\"text\" data-vn=\"0\" data-color=\"FBD55E\" data-make-link=\"no\" data-link=\"\"><div class=\"basic-answer-content basic-text-vertical\"><label for=\"answer[17]\" class=\"basic-answer-label\"><input type=\"radio\" id=\"answer[17]\" name=\"answer[4]\" value=\"17\"  autocomplete=\"off\"><span class=\"basic-text\" style=\"color: #000; font-size: smallpx; font-weight: ;\" tabindex=\"0\">Fabienne von www.freiknuspern.de<\/span><\/label><\/div><\/li><li class=\"basic-answer\" style=\"padding:px px;\" data-id=\"16\" data-type=\"text\" data-vn=\"0\" data-color=\"FBD55E\" data-make-link=\"no\" data-link=\"\"><div class=\"basic-answer-content basic-text-vertical\"><label for=\"answer[16]\" class=\"basic-answer-label\"><input type=\"radio\" id=\"answer[16]\" name=\"answer[4]\" value=\"16\"  autocomplete=\"off\"><span class=\"basic-text\" style=\"color: #000; font-size: smallpx; font-weight: ;\" tabindex=\"0\">Adaeze von www.naturallygood.de<\/span><\/label><\/div><\/li><li class=\"basic-answer\" style=\"padding:px px;\" data-id=\"15\" data-type=\"text\" data-vn=\"0\" data-color=\"FBD55E\" data-make-link=\"no\" data-link=\"\"><div class=\"basic-answer-content basic-text-vertical\"><label for=\"answer[15]\" class=\"basic-answer-label\"><input type=\"radio\" id=\"answer[15]\" name=\"answer[4]\" value=\"15\"  autocomplete=\"off\"><span class=\"basic-text\" style=\"color: #000; font-size: smallpx; font-weight: ;\" tabindex=\"0\">Mathias von www.grandgourmand.de<\/span><\/label><\/div><\/li><li class=\"basic-answer\" style=\"padding:px px;\" data-id=\"14\" data-type=\"text\" data-vn=\"0\" data-color=\"FBD55E\" data-make-link=\"no\" data-link=\"\"><div class=\"basic-answer-content basic-text-vertical\"><label for=\"answer[14]\" class=\"basic-answer-label\"><input type=\"radio\" id=\"answer[14]\" name=\"answer[4]\" value=\"14\"  autocomplete=\"off\"><span class=\"basic-text\" style=\"color: #000; font-size: smallpx; font-weight: ;\" tabindex=\"0\">Kerstin von www.landherzen.de<\/span><\/label><\/div><\/li><\/ul><\/div><div class=\"clearfix\"><\/div><\/div><div class=\"basic-vote\"><a href=\"#\" class=\"button basic-vote-button\" role=\"button\" style=\"background:#FFF; border:2px; border-style: solid; border-color:#000; border-radius:2px; padding:px px; color:#333333; font-size:smallpx; font-weight:;\">Jetzt abstimmen<\/a><\/div><\/form><div class=\"yop-poll-modal\"><div class=\"yop-poll-modal-content\"><div class=\"yop-poll-modal-header\"><span class=\"yop-poll-modal-close\">&times;<\/span><\/div><div class=\"yop-poll-modal-body\"><div class=\"yop-poll-form-group\"><label class=\"yop-poll-user-or-email-label\">Username or Email Address<\/label><input type=\"text\" class=\"yop-poll-user-or-email-input\" autocomplete=\"off\"><\/div><div class=\"yop-poll-form-group\"><label class=\"yop-poll-password-label\">Passwort<\/label><input type=\"password\" class=\"yop-poll-password-input\" autocomplete=\"off\"><\/div><div class=\"yop-poll-form-group submit\"><button class=\"button button-primary button-large yop-poll-login-button\">Log In<\/button><\/div><div class=\"yop-poll-form-group yop-poll-section-login-options\"><p><a href=\"https:\/\/blog.veggie-freivon.de\/wp-login.php?action=register\" target=\"_blank\">No account? Register here<\/a><\/p><p><a href=\"https:\/\/blog.veggie-freivon.de\/wp-login.php?action=lostpassword\" target=\"_blank\">Passwort vergessen<\/a><\/p><\/div><\/div><\/div><\/div><\/div><\/div><\/div><\/div>\n\t\t\t\t\t\t<\/div>\n","protected":false},"excerpt":{"rendered":"<p>Vor zwei Wochen haben wir Foodblogger dazu aufgerufen, sich f\u00fcr unsere Showb\u00fchne auf der veggie &amp; frei von 2016 mit einem eigenen Rezept zu bewerben. Uns haben\u00a0tolle K\u00f6stlichkeiten erreicht, vielen Dank f\u00fcr die Zusendung der Bewerbungen! Jetzt seid ihr dran:&#8230; <a class=\"more-link\" href=\"https:\/\/blog.veggie-freivon.de\/index.php\/2016\/06\/16\/vorhang-auf-unsere-kochshow-kandidaten-fuer-die-veggie-frei-von\/\">Weiterlesen &rarr;<\/a><\/p>\n","protected":false},"author":14,"featured_media":992,"comment_status":"open","ping_status":"open","sticky":false,"template":"","format":"standard","meta":{"ngg_post_thumbnail":0,"jetpack_post_was_ever_published":false,"_jetpack_newsletter_access":"","_jetpack_dont_email_post_to_subs":false,"_jetpack_newsletter_tier_id":0,"_jetpack_memberships_contains_paywalled_content":false,"_jetpack_memberships_contains_paid_content":false,"footnotes":""},"categories":[1],"tags":[140,25,17,21,16,141],"class_list":["post-973","post","type-post","status-publish","format-standard","has-post-thumbnail","hentry","category-allgemein","tag-foodblogger","tag-frei-von","tag-glutenfrei","tag-rezept","tag-vegan","tag-voting"],"jetpack_featured_media_url":"https:\/\/blog.veggie-freivon.de\/wp-content\/uploads\/2016\/06\/SMH_15_VFV_W_157.jpg","jetpack_sharing_enabled":true,"_links":{"self":[{"href":"https:\/\/blog.veggie-freivon.de\/index.php\/wp-json\/wp\/v2\/posts\/973","targetHints":{"allow":["GET"]}}],"collection":[{"href":"https:\/\/blog.veggie-freivon.de\/index.php\/wp-json\/wp\/v2\/posts"}],"about":[{"href":"https:\/\/blog.veggie-freivon.de\/index.php\/wp-json\/wp\/v2\/types\/post"}],"author":[{"embeddable":true,"href":"https:\/\/blog.veggie-freivon.de\/index.php\/wp-json\/wp\/v2\/users\/14"}],"replies":[{"embeddable":true,"href":"https:\/\/blog.veggie-freivon.de\/index.php\/wp-json\/wp\/v2\/comments?post=973"}],"version-history":[{"count":31,"href":"https:\/\/blog.veggie-freivon.de\/index.php\/wp-json\/wp\/v2\/posts\/973\/revisions"}],"predecessor-version":[{"id":1014,"href":"https:\/\/blog.veggie-freivon.de\/index.php\/wp-json\/wp\/v2\/posts\/973\/revisions\/1014"}],"wp:featuredmedia":[{"embeddable":true,"href":"https:\/\/blog.veggie-freivon.de\/index.php\/wp-json\/wp\/v2\/media\/992"}],"wp:attachment":[{"href":"https:\/\/blog.veggie-freivon.de\/index.php\/wp-json\/wp\/v2\/media?parent=973"}],"wp:term":[{"taxonomy":"category","embeddable":true,"href":"https:\/\/blog.veggie-freivon.de\/index.php\/wp-json\/wp\/v2\/categories?post=973"},{"taxonomy":"post_tag","embeddable":true,"href":"https:\/\/blog.veggie-freivon.de\/index.php\/wp-json\/wp\/v2\/tags?post=973"}],"curies":[{"name":"wp","href":"https:\/\/api.w.org\/{rel}","templated":true}]}}